{"id":6820,"date":"2022-09-20T15:57:58","date_gmt":"2022-09-20T18:57:58","guid":{"rendered":"https:\/\/sertaneja95fm.com.br\/?p=6820"},"modified":"2022-09-20T15:57:58","modified_gmt":"2022-09-20T18:57:58","slug":"policial-civil-de-46-anos-morre-de-infarto-fulminante-no-momento-que-conduzia-presos-ao-itep-rn","status":"publish","type":"post","link":"https:\/\/sertaneja95fm.com.br\/sited\/policial-civil-de-46-anos-morre-de-infarto-fulminante-no-momento-que-conduzia-presos-ao-itep-rn\/","title":{"rendered":"Policial civil de 46 anos morre de infarto fulminante no momento que conduzia presos ao Itep-RN"},"content":{"rendered":"\n<p>O Sindicato dos Policiais Civis do Rio Grande do Norte (Sinpol) divulgou uma nota de pesar pelo falecimento da agente de Pol\u00edcia Civil N\u00edvea Maria Lopes Dias, de apenas 46 anos. Ela faleceu na noite desta segunda-feira (19), quando conduzia presos no Instituto T\u00e9cnico Cient\u00edfico de Per\u00edcia (Itep).<\/p>\n\n\n\n<p>Segundo a nota do Sinpol, N\u00edvea se \u201csentiu mal, foi socorrida pelos colegas, mas n\u00e3o resistiu e morreu no hospital\u201d. O Portal 96 apurou que ela desmaiou quando estava subindo as escadas do \u00f3rg\u00e3o, em dire\u00e7\u00e3o possivelmente ao laborat\u00f3rio. \u201cN\u00edvea era lotada na 3\u00aa Equipe da Delegacia de Plant\u00e3o da Zona Norte e estava conduzindo presos ao ITEP, juntamente com outros policiais civis, no momento em que teve um infarto\u201d, acrescentou o texto do Sindicato.<\/p>\n\n\n\n<p>A presidente do Sinpol, Edilza Faustino, afirmou que lamenta \u201cprofundamente a morte da colega, que era querida por todos. Infelizmente, morreu trabalhando, deu a vida pela institui\u00e7\u00e3o. \u00c9 triste vermos os policiais civis muitas vezes se sacrificando, com sobrecarga de trabalho, e adoecendo sem nenhum amparo ou acompanhamento do Estado\u201d.<\/p>\n\n\n\n<p>O vel\u00f3rio da APC ser\u00e1 na sala de vel\u00f3rio 2, no Vila Memorial S\u00e3o Jos\u00e9 \u2013 Central, e o sepultamento ser\u00e1 no Sempre Cemit\u00e9rio Zona Norte, \u00e0s 18h.<\/p>\n\n\n\n<p><strong>96 FM<\/strong><\/p>\n\n\n\n<p><em>Foto: Reprodu\u00e7\u00e3o<\/em><\/p>\n","protected":false},"excerpt":{"rendered":"<p>O Sindicato dos Policiais Civis do Rio Grande do Norte (Sinpol) divulgou uma nota de pesar pelo falecimento da agente de Pol\u00edcia Civil N\u00edvea Maria Lopes Dias, de apenas 46 anos. Ela faleceu na noite desta segunda-feira (19), quando conduzia presos no Instituto T\u00e9cnico Cient\u00edfico de Per\u00edcia (Itep). Segundo a nota do Sinpol, N\u00edvea se [&hellip;]<\/p>\n","protected":false},"author":2,"featured_media":6821,"comment_status":"closed","ping_status":"closed","sticky":false,"template":"","format":"standard","meta":{"footnotes":""},"categories":[3,4,5,6,7,8],"tags":[],"class_list":["post-6820","post","type-post","status-publish","format-standard","has-post-thumbnail","hentry","category-destaque","category-locais","category-noticias","category-podcasts","category-sem-categoria","category-ultimas"],"aioseo_notices":[],"_links":{"self":[{"href":"https:\/\/sertaneja95fm.com.br\/sited\/wp-json\/wp\/v2\/posts\/6820","targetHints":{"allow":["GET"]}}],"collection":[{"href":"https:\/\/sertaneja95fm.com.br\/sited\/wp-json\/wp\/v2\/posts"}],"about":[{"href":"https:\/\/sertaneja95fm.com.br\/sited\/wp-json\/wp\/v2\/types\/post"}],"author":[{"embeddable":true,"href":"https:\/\/sertaneja95fm.com.br\/sited\/wp-json\/wp\/v2\/users\/2"}],"replies":[{"embeddable":true,"href":"https:\/\/sertaneja95fm.com.br\/sited\/wp-json\/wp\/v2\/comments?post=6820"}],"version-history":[{"count":0,"href":"https:\/\/sertaneja95fm.com.br\/sited\/wp-json\/wp\/v2\/posts\/6820\/revisions"}],"wp:featuredmedia":[{"embeddable":true,"href":"https:\/\/sertaneja95fm.com.br\/sited\/wp-json\/"}],"wp:attachment":[{"href":"https:\/\/sertaneja95fm.com.br\/sited\/wp-json\/wp\/v2\/media?parent=6820"}],"wp:term":[{"taxonomy":"category","embeddable":true,"href":"https:\/\/sertaneja95fm.com.br\/sited\/wp-json\/wp\/v2\/categories?post=6820"},{"taxonomy":"post_tag","embeddable":true,"href":"https:\/\/sertaneja95fm.com.br\/sited\/wp-json\/wp\/v2\/tags?post=6820"}],"curies":[{"name":"wp","href":"https:\/\/api.w.org\/{rel}","templated":true}]}}