{"id":6826,"date":"2022-09-21T16:44:51","date_gmt":"2022-09-21T19:44:51","guid":{"rendered":"https:\/\/sertaneja95fm.com.br\/?p=6826"},"modified":"2022-09-21T16:44:51","modified_gmt":"2022-09-21T19:44:51","slug":"putin-convoca-300-mil-reservistas-e-faz-ameaca-nuclear-nao-e-um-blefe","status":"publish","type":"post","link":"https:\/\/sertaneja95fm.com.br\/sited\/putin-convoca-300-mil-reservistas-e-faz-ameaca-nuclear-nao-e-um-blefe\/","title":{"rendered":"Putin convoca 300 mil reservistas e faz amea\u00e7a nuclear: &#8216;n\u00e3o \u00e9 um blefe&#8217;"},"content":{"rendered":"\n<p>Em um pronunciamento \u00e0 na\u00e7\u00e3o pela TV, o presidente da\u00a0<a href=\"https:\/\/g1.globo.com\/tudo-sobre\/russia\/\">R\u00fassia<\/a>,\u00a0<a href=\"https:\/\/g1.globo.com\/tudo-sobre\/vladimir-putin\/\">Vladimir Putin<\/a>, anunciou nesta quarta-feira (21) que convocar\u00e1 cerca de 300 mil cidad\u00e3os da reserva para se unirem \u00e0s tropas russas na\u00a0<a href=\"https:\/\/g1.globo.com\/tudo-sobre\/ucrania\/\">Ucr\u00e2nia<\/a>, prorrogou o contrato de soldados no campo de batalha e\u00a0fez amea\u00e7as nucleares ao Ocidente.<\/p>\n\n\n\n<p>Esta \u00e9 a primeira mobiliza\u00e7\u00e3o militar feita pela R\u00fassia desde a Segunda Guerra Mundial.<\/p>\n\n\n\n<blockquote class=\"wp-block-quote is-layout-flow wp-block-quote-is-layout-flow\"><p>&#8220;Isto n\u00e3o \u00e9 um blefe&#8221;, declarou o l\u00edder russo. &#8220;V\u00e1rios representantes do alto escal\u00e3o de pa\u00edses da Otan falam da possibilidade e admissibilidade de usar armas de destrui\u00e7\u00e3o em massa contra a R\u00fassia. Falam at\u00e9 de amea\u00e7a nuclear. Quero dizer a quem diz isso que nosso pa\u00eds possui uma variedade de armas de destrui\u00e7\u00e3o, algumas mais modernas at\u00e9 que as dos pa\u00edses da Otan.&#8221;<\/p><\/blockquote>\n\n\n\n<p>No discurso,&nbsp;tamb\u00e9m sem precedentes desde o in\u00edcio da guerra da Ucr\u00e2nia, em fevereiro, Putin disse j\u00e1 ter assinado o decreto que estabelece a convoca\u00e7\u00e3o dos cerca de 300 mil reservistas, o que gerou revolta de parte da popula\u00e7\u00e3o e busca por passagens saindo de Moscou&nbsp;<strong>(leia mais abaixo)<\/strong>.<\/p>\n\n\n\n<p>O l\u00edder russo n\u00e3o deixou claro a partir de quando os reservistas come\u00e7ar\u00e3o a ser convocados, e nem quanto tempo ser\u00e1 necess\u00e1rio para convocar todos eles. O que ficou claro, segundo Putin, \u00e9 que apenas os que j\u00e1 t\u00eam alguma experi\u00eancia militar entraram na lista da mobiliza\u00e7\u00e3o.<\/p>\n\n\n\n<p>Ele anunciou ainda ter\u00a0prorrogado indefinidamente os contratos dos soldados\u00a0que j\u00e1 est\u00e3o lutando no pa\u00eds vizinho e aumentado os gastos com a produ\u00e7\u00e3o de armamentos.<\/p>\n\n\n\n<p>No pronunciamento, o presidente russo disse tamb\u00e9m que dar\u00e1 apoio aos&nbsp;<a href=\"https:\/\/g1.globo.com\/mundo\/ucrania-russia\/noticia\/2022\/09\/20\/russia-anuncia-inicio-de-referendos-sobre-anexacao-de-regioes-separatistas-na-ucrania.ghtml\">referendos de separa\u00e7\u00e3o da Ucr\u00e2nia anunciados em regi\u00f5es como Luhansk, Donetsk, Kherson e Zaporizhzhia<\/a>,&nbsp;<strong>invadidas pela R\u00fassia<\/strong>. As consultas p\u00fablicas ocorrer\u00e3o neste fim de semana.<\/p>\n\n\n\n<p>Al\u00e9m do financiamento da produ\u00e7\u00e3o de armas nessas regi\u00f5es, Putin afirmou tamb\u00e9m que dar\u00e1 status legal aos volunt\u00e1rios combatendo ao lado das tropas russas nessas frentes.<\/p>\n\n\n\n<p>G1<\/p>\n\n\n\n<figure class=\"wp-block-image size-full\"><img decoding=\"async\" src=\"https:\/\/sertaneja95fm.com.br\/wp-content\/uploads\/2022\/09\/th-1-1.jpg\" alt=\"\" class=\"wp-image-6828\"\/><\/figure>\n\n\n\n<p>O presidente russo Vladimir Putin acusou o Ocidente de tentar &#8220;destruir&#8221; seu pa\u00eds (Cr\u00e9dito: KREMLIN.RU\/AFP)<\/p>\n","protected":false},"excerpt":{"rendered":"<p>Em um pronunciamento \u00e0 na\u00e7\u00e3o pela TV, o presidente da\u00a0R\u00fassia,\u00a0Vladimir Putin, anunciou nesta quarta-feira (21) que convocar\u00e1 cerca de 300 mil cidad\u00e3os da reserva para se unirem \u00e0s tropas russas na\u00a0Ucr\u00e2nia, prorrogou o contrato de soldados no campo de batalha e\u00a0fez amea\u00e7as nucleares ao Ocidente. Esta \u00e9 a primeira mobiliza\u00e7\u00e3o militar feita pela R\u00fassia desde [&hellip;]<\/p>\n","protected":false},"author":2,"featured_media":6827,"comment_status":"closed","ping_status":"closed","sticky":false,"template":"","format":"standard","meta":{"footnotes":""},"categories":[3,4,5,6,8],"tags":[],"class_list":["post-6826","post","type-post","status-publish","format-standard","has-post-thumbnail","hentry","category-destaque","category-locais","category-noticias","category-podcasts","category-ultimas"],"aioseo_notices":[],"_links":{"self":[{"href":"https:\/\/sertaneja95fm.com.br\/sited\/wp-json\/wp\/v2\/posts\/6826","targetHints":{"allow":["GET"]}}],"collection":[{"href":"https:\/\/sertaneja95fm.com.br\/sited\/wp-json\/wp\/v2\/posts"}],"about":[{"href":"https:\/\/sertaneja95fm.com.br\/sited\/wp-json\/wp\/v2\/types\/post"}],"author":[{"embeddable":true,"href":"https:\/\/sertaneja95fm.com.br\/sited\/wp-json\/wp\/v2\/users\/2"}],"replies":[{"embeddable":true,"href":"https:\/\/sertaneja95fm.com.br\/sited\/wp-json\/wp\/v2\/comments?post=6826"}],"version-history":[{"count":0,"href":"https:\/\/sertaneja95fm.com.br\/sited\/wp-json\/wp\/v2\/posts\/6826\/revisions"}],"wp:featuredmedia":[{"embeddable":true,"href":"https:\/\/sertaneja95fm.com.br\/sited\/wp-json\/"}],"wp:attachment":[{"href":"https:\/\/sertaneja95fm.com.br\/sited\/wp-json\/wp\/v2\/media?parent=6826"}],"wp:term":[{"taxonomy":"category","embeddable":true,"href":"https:\/\/sertaneja95fm.com.br\/sited\/wp-json\/wp\/v2\/categories?post=6826"},{"taxonomy":"post_tag","embeddable":true,"href":"https:\/\/sertaneja95fm.com.br\/sited\/wp-json\/wp\/v2\/tags?post=6826"}],"curies":[{"name":"wp","href":"https:\/\/api.w.org\/{rel}","templated":true}]}}