{"id":7641,"date":"2022-10-14T10:08:50","date_gmt":"2022-10-14T13:08:50","guid":{"rendered":"https:\/\/sertaneja95fm.com.br\/?p=7641"},"modified":"2022-10-14T10:08:50","modified_gmt":"2022-10-14T13:08:50","slug":"convencao-do-comercio-e-servicos-do-serido-movimenta-currais-novos-em-programacao-que-contou-com-pentacampeao-cafu","status":"publish","type":"post","link":"https:\/\/sertaneja95fm.com.br\/sited\/convencao-do-comercio-e-servicos-do-serido-movimenta-currais-novos-em-programacao-que-contou-com-pentacampeao-cafu\/","title":{"rendered":"Conven\u00e7\u00e3o do Com\u00e9rcio e Servi\u00e7os do Serid\u00f3 movimenta Currais Novos em programa\u00e7\u00e3o que contou com pentacampe\u00e3o Caf\u00fa"},"content":{"rendered":"\n<p>Chegou ao fim na \u00faltima ter\u00e7a-feira (11) a II Conven\u00e7\u00e3o do Com\u00e9rcio e Servi\u00e7os do Serid\u00f3, evento realizado pela C\u00e2mara dos Dirigentes Lojistas de Currais Novos (CDL CN), Sindicato do Com\u00e9rcio Varejista do Rio Grande do Norte (Sindivarejo-RN) e Sebrae RN.<\/p>\n\n\n\n<p>Durante dois dias, nomes de peso nacional no segmento de lideran\u00e7a e empreendedorismo puderam falar em pain\u00e9is, palestras e mesas redondas, em um evento que contou com a presen\u00e7a de empreendedores de todo a regi\u00e3o do Serid\u00f3.<\/p>\n\n\n\n<p>\u201cFoi fundamental receber em nossa cidade nomes como os que passaram por aqui. O evento cumpriu sua miss\u00e3o e esperamos que a experi\u00eancia fa\u00e7a a diferen\u00e7a para quem optou por participar da conven\u00e7\u00e3o que organizamos\u201d, afirmou Anderson Azevedo, presidente da CDL Currais Novos.<\/p>\n\n\n\n<p>Participaram do evento o ex-jogador Cafu e a jornalista Mariah Morais; os empres\u00e1rios Afr\u00e2nio Miranda, Gabriel Rocha, Marcelo Alecrim e Marcelo Queiroz; e o palestrante Marcos Rossi, nomes escolhidos a dedo pela organiza\u00e7\u00e3o. Al\u00e9m disso, a segunda noite contou com um espa\u00e7o para debater o potencial do Geoparque Serid\u00f3 em rela\u00e7\u00e3o ao desenvolvimento econ\u00f4mico das cidades que est\u00e3o inseridas no local.<\/p>\n\n\n\n<p>\u201cFoi momento de falar com esses homens e mulheres sobre minha trajet\u00f3ria de vida e como ela pode servir de exemplo para os neg\u00f3cios de cada um deles\u201d, afirmou o pentacampe\u00e3o Cafu.<\/p>\n\n\n\n<p>O evento contou ainda com uma rodada de negocios de energia solar, um passeio com autoridades pelo Geoparque Serido e duas palestras gratuitas sobre mercado de trabalho focado na prepara\u00e7\u00e3o de jovens e estudantes ao Mercado de Trabalho.<\/p>\n\n\n\n<p><em>Foto: divulga\u00e7\u00e3o\/ Internet<\/em><\/p>\n\n\n\n<p>ismaelmedeiros<\/p>\n","protected":false},"excerpt":{"rendered":"<p>Chegou ao fim na \u00faltima ter\u00e7a-feira (11) a II Conven\u00e7\u00e3o do Com\u00e9rcio e Servi\u00e7os do Serid\u00f3, evento realizado pela C\u00e2mara dos Dirigentes Lojistas de Currais Novos (CDL CN), Sindicato do Com\u00e9rcio Varejista do Rio Grande do Norte (Sindivarejo-RN) e Sebrae RN. Durante dois dias, nomes de peso nacional no segmento de lideran\u00e7a e empreendedorismo puderam [&hellip;]<\/p>\n","protected":false},"author":2,"featured_media":7642,"comment_status":"open","ping_status":"open","sticky":false,"template":"","format":"standard","meta":{"footnotes":""},"categories":[3,4,5,6,7,8],"tags":[],"class_list":["post-7641","post","type-post","status-publish","format-standard","has-post-thumbnail","hentry","category-destaque","category-locais","category-noticias","category-podcasts","category-sem-categoria","category-ultimas"],"aioseo_notices":[],"_links":{"self":[{"href":"https:\/\/sertaneja95fm.com.br\/sited\/wp-json\/wp\/v2\/posts\/7641","targetHints":{"allow":["GET"]}}],"collection":[{"href":"https:\/\/sertaneja95fm.com.br\/sited\/wp-json\/wp\/v2\/posts"}],"about":[{"href":"https:\/\/sertaneja95fm.com.br\/sited\/wp-json\/wp\/v2\/types\/post"}],"author":[{"embeddable":true,"href":"https:\/\/sertaneja95fm.com.br\/sited\/wp-json\/wp\/v2\/users\/2"}],"replies":[{"embeddable":true,"href":"https:\/\/sertaneja95fm.com.br\/sited\/wp-json\/wp\/v2\/comments?post=7641"}],"version-history":[{"count":0,"href":"https:\/\/sertaneja95fm.com.br\/sited\/wp-json\/wp\/v2\/posts\/7641\/revisions"}],"wp:featuredmedia":[{"embeddable":true,"href":"https:\/\/sertaneja95fm.com.br\/sited\/wp-json\/"}],"wp:attachment":[{"href":"https:\/\/sertaneja95fm.com.br\/sited\/wp-json\/wp\/v2\/media?parent=7641"}],"wp:term":[{"taxonomy":"category","embeddable":true,"href":"https:\/\/sertaneja95fm.com.br\/sited\/wp-json\/wp\/v2\/categories?post=7641"},{"taxonomy":"post_tag","embeddable":true,"href":"https:\/\/sertaneja95fm.com.br\/sited\/wp-json\/wp\/v2\/tags?post=7641"}],"curies":[{"name":"wp","href":"https:\/\/api.w.org\/{rel}","templated":true}]}}