{"id":7644,"date":"2022-10-17T15:29:02","date_gmt":"2022-10-17T18:29:02","guid":{"rendered":"https:\/\/sertaneja95fm.com.br\/?p=7644"},"modified":"2022-10-17T15:29:02","modified_gmt":"2022-10-17T18:29:02","slug":"rn-abstencao-aumentou-em-24-323-eleitores-do-1o-para-o-2o-turno-nas-eleicoes-de-2018","status":"publish","type":"post","link":"https:\/\/sertaneja95fm.com.br\/sited\/rn-abstencao-aumentou-em-24-323-eleitores-do-1o-para-o-2o-turno-nas-eleicoes-de-2018\/","title":{"rendered":"RN: absten\u00e7\u00e3o aumentou em 24.323 eleitores do 1\u00ba para o 2\u00ba turno nas elei\u00e7\u00f5es de 2018"},"content":{"rendered":"\n<p>Passado o primeiro turno da elei\u00e7\u00e3o presidencial, restam dois candidatos na disputa pelo cargo m\u00e1ximo do Executivo nacional. Al\u00e9m de manter o compromisso dos seus eleitores do dia 2 de outubro, o presidente Jair Bolsonaro (PL) e o ex-presidente Lula (PT) buscam convencer os votantes dos demais candidatos. Nas elei\u00e7\u00f5es de 2018, no Rio Grande do Norte, a quantidade de absten\u00e7\u00f5es cresceu em 24.323 eleitores do 1\u00ba para o 2\u00ba turno.<\/p>\n\n\n\n<p>No \u00faltimo pleito para presidente da Rep\u00fablica, 406.222 eleitores potiguares se abstiveram no primeiro turno da elei\u00e7\u00e3o, o que representava 17,11% do eleitorado \u00e0 \u00e9poca. No segundo turno, esse n\u00famero saltou para 430.545, ou 18,14%.<\/p>\n\n\n\n<p>A quantidade de eleitores que n\u00e3o foram votar aumentou de 2018 para 2022, no Rio Grande do Norte. Neste ano, 464.112 potiguares aptos a votar, ou 18,17% do total, n\u00e3o foram \u00e0 sua se\u00e7\u00e3o eleitoral no primeiro turno.<\/p>\n\n\n\n<p><a href=\"http:\/\/www.tribunadonorte.com.br\/noticia\/rn-abstena-a-o-aumentou-em-24-323-eleitores-do-1ao-para-o-2ao-turno-nas-eleia-a-es-de-2018\/549508\">Tribuna do Norte<\/a><\/p>\n\n\n\n<p><a href=\"https:\/\/www.blogdobg.com.br\/rn-abstencao-aumentou-em-24-323-eleitores-do-1o-para-o-2o-turno-nas-eleicoes-de-2018\/#comentarios\">COMENTE AQUI<\/a><\/p>\n\n\n\n<p>Foto: Reprodu\u00e7\u00e3o<a href=\"tg:\/\/msg?text=https%3A%2F%2Fwww.blogdobg.com.br%2Frn-abstencao-aumentou-em-24-323-eleitores-do-1o-para-o-2o-turno-nas-eleicoes-de-2018%2F%20RN%3A%20absten%C3%A7%C3%A3o%20aumentou%20em%2024.323%20eleitores%20do%201%C2%BA%20para%20o%202%C2%BA%20turno%20nas%20elei%C3%A7%C3%B5es%20de%202018\"><\/a><\/p>\n","protected":false},"excerpt":{"rendered":"<p>Passado o primeiro turno da elei\u00e7\u00e3o presidencial, restam dois candidatos na disputa pelo cargo m\u00e1ximo do Executivo nacional. Al\u00e9m de manter o compromisso dos seus eleitores do dia 2 de outubro, o presidente Jair Bolsonaro (PL) e o ex-presidente Lula (PT) buscam convencer os votantes dos demais candidatos. Nas elei\u00e7\u00f5es de 2018, no Rio Grande [&hellip;]<\/p>\n","protected":false},"author":2,"featured_media":7645,"comment_status":"open","ping_status":"open","sticky":false,"template":"","format":"standard","meta":{"footnotes":""},"categories":[3,4,5,6,7,8],"tags":[],"class_list":["post-7644","post","type-post","status-publish","format-standard","has-post-thumbnail","hentry","category-destaque","category-locais","category-noticias","category-podcasts","category-sem-categoria","category-ultimas"],"aioseo_notices":[],"_links":{"self":[{"href":"https:\/\/sertaneja95fm.com.br\/sited\/wp-json\/wp\/v2\/posts\/7644","targetHints":{"allow":["GET"]}}],"collection":[{"href":"https:\/\/sertaneja95fm.com.br\/sited\/wp-json\/wp\/v2\/posts"}],"about":[{"href":"https:\/\/sertaneja95fm.com.br\/sited\/wp-json\/wp\/v2\/types\/post"}],"author":[{"embeddable":true,"href":"https:\/\/sertaneja95fm.com.br\/sited\/wp-json\/wp\/v2\/users\/2"}],"replies":[{"embeddable":true,"href":"https:\/\/sertaneja95fm.com.br\/sited\/wp-json\/wp\/v2\/comments?post=7644"}],"version-history":[{"count":0,"href":"https:\/\/sertaneja95fm.com.br\/sited\/wp-json\/wp\/v2\/posts\/7644\/revisions"}],"wp:featuredmedia":[{"embeddable":true,"href":"https:\/\/sertaneja95fm.com.br\/sited\/wp-json\/"}],"wp:attachment":[{"href":"https:\/\/sertaneja95fm.com.br\/sited\/wp-json\/wp\/v2\/media?parent=7644"}],"wp:term":[{"taxonomy":"category","embeddable":true,"href":"https:\/\/sertaneja95fm.com.br\/sited\/wp-json\/wp\/v2\/categories?post=7644"},{"taxonomy":"post_tag","embeddable":true,"href":"https:\/\/sertaneja95fm.com.br\/sited\/wp-json\/wp\/v2\/tags?post=7644"}],"curies":[{"name":"wp","href":"https:\/\/api.w.org\/{rel}","templated":true}]}}