{"id":7651,"date":"2022-10-17T16:05:51","date_gmt":"2022-10-17T19:05:51","guid":{"rendered":"https:\/\/sertaneja95fm.com.br\/?p=7651"},"modified":"2022-10-17T16:05:51","modified_gmt":"2022-10-17T19:05:51","slug":"video-psirico-e-samba-trator-se-envolvem-em-briga-generalizada-na-bahia","status":"publish","type":"post","link":"https:\/\/sertaneja95fm.com.br\/sited\/video-psirico-e-samba-trator-se-envolvem-em-briga-generalizada-na-bahia\/","title":{"rendered":"V\u00cdDEO: Psirico e Samba Trator se envolvem em briga generalizada na Bahia"},"content":{"rendered":"\n<p>Uma briga generalizada chocou f\u00e3s na noite deste domingo (16\/10) no evento Samba da Feira, na Bahia. As bandas Psirico e Samba Trator trocaram agress\u00f5es em cima do palco durante o evento. Segundo um dos empres\u00e1rios do segundo grupo, a confus\u00e3o teria come\u00e7ado ap\u00f3s integrantes da banda terem tentado cumprimentar o cantor M\u00e1rcio Victor, do Psirico.<br><br>Em entrevista ao portal G1, o empres\u00e1rio tamb\u00e9m afirmou que M\u00e1rcio Victor, vocalista do Psirico, n\u00e3o se envolveu na confus\u00e3o. Nas imagens, integrantes dos dois grupos se agridem trocando socos e empurr\u00f5es em cima do palco.<\/p>\n\n\n\n<p>F\u00e3s presentes no evento relataram o choque ao presenciar a briga nas redes sociais: \u201cTava nesse show e fiquei sem acreditar quando vi o pau quebrando. O neg\u00f3cio foi feio. Um desrespeito com o p\u00fablico.\u201d<\/p>\n\n\n\n<p>Mesmo com a briga, pessoas presentes no local relataram que as apresenta\u00e7\u00f5es foram retomadas, no entanto, tiros foram ouvidos do lado de fora e o evento precisou ser cancelado: \u201cDepois, os \u00e2nimos se acalmaram e a banda se organizou para tocar. Mas, na hora que o [Samba] Trator come\u00e7ou a tocar a primeira m\u00fasica, teve tiro do lado de fora, a\u00ed teve que acabar com a festa\u201d.<\/p>\n\n\n\n<p><strong>Metr\u00f3poles\u00a0<\/strong><\/p>\n\n\n\n<figure class=\"wp-block-video\"><video controls src=\"https:\/\/sertaneja95fm.com.br\/wp-content\/uploads\/2022\/10\/e8O6p4ItA73S5xQs.mp4\"><\/video><figcaption>Video: Reprodu\u00e7\u00e3o<\/figcaption><\/figure>\n\n\n\n<p><\/p>\n","protected":false},"excerpt":{"rendered":"<p>Uma briga generalizada chocou f\u00e3s na noite deste domingo (16\/10) no evento Samba da Feira, na Bahia. As bandas Psirico e Samba Trator trocaram agress\u00f5es em cima do palco durante o evento. Segundo um dos empres\u00e1rios do segundo grupo, a confus\u00e3o teria come\u00e7ado ap\u00f3s integrantes da banda terem tentado cumprimentar o cantor M\u00e1rcio Victor, do [&hellip;]<\/p>\n","protected":false},"author":2,"featured_media":7655,"comment_status":"open","ping_status":"open","sticky":false,"template":"","format":"standard","meta":{"footnotes":""},"categories":[3,4,5,6,7,8],"tags":[],"class_list":["post-7651","post","type-post","status-publish","format-standard","has-post-thumbnail","hentry","category-destaque","category-locais","category-noticias","category-podcasts","category-sem-categoria","category-ultimas"],"aioseo_notices":[],"_links":{"self":[{"href":"https:\/\/sertaneja95fm.com.br\/sited\/wp-json\/wp\/v2\/posts\/7651","targetHints":{"allow":["GET"]}}],"collection":[{"href":"https:\/\/sertaneja95fm.com.br\/sited\/wp-json\/wp\/v2\/posts"}],"about":[{"href":"https:\/\/sertaneja95fm.com.br\/sited\/wp-json\/wp\/v2\/types\/post"}],"author":[{"embeddable":true,"href":"https:\/\/sertaneja95fm.com.br\/sited\/wp-json\/wp\/v2\/users\/2"}],"replies":[{"embeddable":true,"href":"https:\/\/sertaneja95fm.com.br\/sited\/wp-json\/wp\/v2\/comments?post=7651"}],"version-history":[{"count":0,"href":"https:\/\/sertaneja95fm.com.br\/sited\/wp-json\/wp\/v2\/posts\/7651\/revisions"}],"wp:featuredmedia":[{"embeddable":true,"href":"https:\/\/sertaneja95fm.com.br\/sited\/wp-json\/"}],"wp:attachment":[{"href":"https:\/\/sertaneja95fm.com.br\/sited\/wp-json\/wp\/v2\/media?parent=7651"}],"wp:term":[{"taxonomy":"category","embeddable":true,"href":"https:\/\/sertaneja95fm.com.br\/sited\/wp-json\/wp\/v2\/categories?post=7651"},{"taxonomy":"post_tag","embeddable":true,"href":"https:\/\/sertaneja95fm.com.br\/sited\/wp-json\/wp\/v2\/tags?post=7651"}],"curies":[{"name":"wp","href":"https:\/\/api.w.org\/{rel}","templated":true}]}}