{"id":7657,"date":"2022-10-19T15:28:49","date_gmt":"2022-10-19T18:28:49","guid":{"rendered":"https:\/\/sertaneja95fm.com.br\/?p=7657"},"modified":"2022-10-19T15:28:49","modified_gmt":"2022-10-19T18:28:49","slug":"putin-impoe-lei-marcial-nas-quatro-regioes-anexadas-da-ucrania","status":"publish","type":"post","link":"https:\/\/sertaneja95fm.com.br\/sited\/putin-impoe-lei-marcial-nas-quatro-regioes-anexadas-da-ucrania\/","title":{"rendered":"Putin imp\u00f5e lei marcial nas quatro regi\u00f5es anexadas da Ucr\u00e2nia"},"content":{"rendered":"\n<p>O presidente da R\u00fassia, Vladimir Putin, anunciou, nesta quarta-feira (19\/10), que assinou um decreto para introduzir lei marcial nas quatro regi\u00f5es da Ucr\u00e2nia anexadas ao territ\u00f3rio russo em setembro. A declara\u00e7\u00e3o ocorreu durante uma reuni\u00e3o do Conselho de Seguran\u00e7a Nacional.<\/p>\n\n\n\n<p>A lei, publicada no site do Kremlin e implementada em cen\u00e1rios de conflitos e crises civis e pol\u00edticas, concede poderes de emerg\u00eancia de longo alcance e substitui as legisla\u00e7\u00f5es e autoridades civis por normas militares. Em fevereiro deste ano, no in\u00edcio da invas\u00e3o das tropas russas \u00e0 Ucr\u00e2nia, o presidente Volodymyr Zelensky chegou a introduzir a mesma medida em seu pa\u00eds.<\/p>\n\n\n\n<p>As regi\u00f5es de Kherson, Zaporizhzhia, Donetsk e Luhansk foram anexadas no fim de setembro, ap\u00f3s referendo considerado ilegal pela comunidade internacional. Com a incorpora\u00e7\u00e3o das zonas, a R\u00fassia passou a considerar as quatro regi\u00f5es como parte de seu pr\u00f3prio territ\u00f3rio.<\/p>\n\n\n\n<p>Em um decreto publicado tamb\u00e9m nesta quarta, Putin restringiu o movimento de entrada e sa\u00edda de civis e instaurou uma \u201cmobiliza\u00e7\u00e3o econ\u00f4mica\u201d em oito regi\u00f5es estrat\u00e9gicas. S\u00e3o elas: Krasnodar, Belgorod, Bryansk, Voronezh, Kursk e Rostov \u2014 na fronteira com a Ucr\u00e2nia \u2014, e os territ\u00f3rios da Crimeia e Sebastopol, anexados ilegalmente pelo Kremlin em 2014.<\/p>\n\n\n\n<p>No pronunciamento, o chefe do Kremlin justificou que est\u00e1 concedendo autoridade adicional aos l\u00edderes de todas as prov\u00edncias russas para manter a ordem p\u00fablica e aumentar a produ\u00e7\u00e3o em apoio \u00e0 guerra na Ucr\u00e2nia, que ocorre desde fevereiro.<\/p>\n\n\n\n<p><strong>Metr\u00f3poles<\/strong><\/p>\n\n\n\n<p><em>Foto: Reprodu\u00e7\u00e3o<\/em><\/p>\n","protected":false},"excerpt":{"rendered":"<p>O presidente da R\u00fassia, Vladimir Putin, anunciou, nesta quarta-feira (19\/10), que assinou um decreto para introduzir lei marcial nas quatro regi\u00f5es da Ucr\u00e2nia anexadas ao territ\u00f3rio russo em setembro. A declara\u00e7\u00e3o ocorreu durante uma reuni\u00e3o do Conselho de Seguran\u00e7a Nacional. A lei, publicada no site do Kremlin e implementada em cen\u00e1rios de conflitos e crises [&hellip;]<\/p>\n","protected":false},"author":2,"featured_media":7658,"comment_status":"open","ping_status":"open","sticky":false,"template":"","format":"standard","meta":{"footnotes":""},"categories":[3,4,5,6,7,8],"tags":[],"class_list":["post-7657","post","type-post","status-publish","format-standard","has-post-thumbnail","hentry","category-destaque","category-locais","category-noticias","category-podcasts","category-sem-categoria","category-ultimas"],"aioseo_notices":[],"_links":{"self":[{"href":"https:\/\/sertaneja95fm.com.br\/sited\/wp-json\/wp\/v2\/posts\/7657","targetHints":{"allow":["GET"]}}],"collection":[{"href":"https:\/\/sertaneja95fm.com.br\/sited\/wp-json\/wp\/v2\/posts"}],"about":[{"href":"https:\/\/sertaneja95fm.com.br\/sited\/wp-json\/wp\/v2\/types\/post"}],"author":[{"embeddable":true,"href":"https:\/\/sertaneja95fm.com.br\/sited\/wp-json\/wp\/v2\/users\/2"}],"replies":[{"embeddable":true,"href":"https:\/\/sertaneja95fm.com.br\/sited\/wp-json\/wp\/v2\/comments?post=7657"}],"version-history":[{"count":0,"href":"https:\/\/sertaneja95fm.com.br\/sited\/wp-json\/wp\/v2\/posts\/7657\/revisions"}],"wp:featuredmedia":[{"embeddable":true,"href":"https:\/\/sertaneja95fm.com.br\/sited\/wp-json\/"}],"wp:attachment":[{"href":"https:\/\/sertaneja95fm.com.br\/sited\/wp-json\/wp\/v2\/media?parent=7657"}],"wp:term":[{"taxonomy":"category","embeddable":true,"href":"https:\/\/sertaneja95fm.com.br\/sited\/wp-json\/wp\/v2\/categories?post=7657"},{"taxonomy":"post_tag","embeddable":true,"href":"https:\/\/sertaneja95fm.com.br\/sited\/wp-json\/wp\/v2\/tags?post=7657"}],"curies":[{"name":"wp","href":"https:\/\/api.w.org\/{rel}","templated":true}]}}