{"id":7661,"date":"2022-10-19T15:45:15","date_gmt":"2022-10-19T18:45:15","guid":{"rendered":"https:\/\/sertaneja95fm.com.br\/?p=7661"},"modified":"2022-10-19T15:45:15","modified_gmt":"2022-10-19T18:45:15","slug":"com-ato-na-governadoria-servidores-da-saude-do-rn-fazem-paralisacao-de-24-horas","status":"publish","type":"post","link":"https:\/\/sertaneja95fm.com.br\/sited\/com-ato-na-governadoria-servidores-da-saude-do-rn-fazem-paralisacao-de-24-horas\/","title":{"rendered":"Com ato na governadoria, servidores da sa\u00fade do RN fazem paralisa\u00e7\u00e3o de 24 horas"},"content":{"rendered":"\n<p>Os servidores da Sa\u00fade do Rio Grande do Norte iniciaram uma paralisa\u00e7\u00e3o das atividades por 24 horas. A categoria se re\u00fane nesta quarta-feira (19), em frente \u00e0 Governadoria, no Centro Administrativo, no bairro de Lagoa Nova, na zona Sul de Natal. Durante o ato, uma assembleia ser\u00e1 realizada com indicativo de greve.<\/p>\n\n\n\n<p>De acordo com o Sindicato dos Trabalhadores em Sa\u00fade do Rio Grande do Norte (Sindsa\u00fade-RN), os servidores cobram do governo estadual a garantia das pautas pendentes \u201cque h\u00e1 muito tempo s\u00e3o discutidas nas mesas de negocia\u00e7\u00e3o SUS, e que at\u00e9 hoje, n\u00e3o foram atendidas\u201d.<\/p>\n\n\n\n<p>Entre as pautas est\u00e3o o valor da produtividade, plant\u00f5es eventuais, implanta\u00e7\u00e3o da mudan\u00e7a de n\u00edvel 2021 e 2022, adicional de insalubridade, lotes da qualifica\u00e7\u00e3o e a situa\u00e7\u00e3o dos aposentados, al\u00e9m do pagamento integral dos sal\u00e1rios no final do m\u00eas.<\/p>\n\n\n\n<p>Ainda segundo o Sindsa\u00fade, o ato tamb\u00e9m ser\u00e1 para pressionar o governo estadual em rela\u00e7\u00e3o ao or\u00e7amento de 2023 para a implementa\u00e7\u00e3o do Piso da Enfermagem.<\/p>\n\n\n\n<p>O grupo est\u00e1 reunido com cartazes e faixas. \u201cEnfermagem do RN na luta pela derrubada do veto e pela implanta\u00e7\u00e3o do piso j\u00e1\u201d, diz uma das mensagens na entrada da governadoria. \u201cA enfermagem n\u00e3o aceita retrocesso. \u00c9 preciso intensificar a luta\u201d, completa outra.<\/p>\n\n\n\n<p>O sindicato da categoria informou tamb\u00e9m que, conforme a lei de greve, est\u00e1 resguardado o percentual de 30% do efetivo para o atendimento de casos de urg\u00eancia e emerg\u00eancia nos hospitais p\u00fablicos do Rio Grande do Norte.<\/p>\n\n\n\n<p><strong>Portal da Tropical<\/strong><\/p>\n\n\n\n<p><em>Foto: Reprodu\u00e7\u00e3o<\/em><\/p>\n","protected":false},"excerpt":{"rendered":"<p>Os servidores da Sa\u00fade do Rio Grande do Norte iniciaram uma paralisa\u00e7\u00e3o das atividades por 24 horas. A categoria se re\u00fane nesta quarta-feira (19), em frente \u00e0 Governadoria, no Centro Administrativo, no bairro de Lagoa Nova, na zona Sul de Natal. Durante o ato, uma assembleia ser\u00e1 realizada com indicativo de greve. De acordo com [&hellip;]<\/p>\n","protected":false},"author":2,"featured_media":7662,"comment_status":"open","ping_status":"open","sticky":false,"template":"","format":"standard","meta":{"footnotes":""},"categories":[3,4,5,6,7,8],"tags":[],"class_list":["post-7661","post","type-post","status-publish","format-standard","has-post-thumbnail","hentry","category-destaque","category-locais","category-noticias","category-podcasts","category-sem-categoria","category-ultimas"],"aioseo_notices":[],"_links":{"self":[{"href":"https:\/\/sertaneja95fm.com.br\/sited\/wp-json\/wp\/v2\/posts\/7661","targetHints":{"allow":["GET"]}}],"collection":[{"href":"https:\/\/sertaneja95fm.com.br\/sited\/wp-json\/wp\/v2\/posts"}],"about":[{"href":"https:\/\/sertaneja95fm.com.br\/sited\/wp-json\/wp\/v2\/types\/post"}],"author":[{"embeddable":true,"href":"https:\/\/sertaneja95fm.com.br\/sited\/wp-json\/wp\/v2\/users\/2"}],"replies":[{"embeddable":true,"href":"https:\/\/sertaneja95fm.com.br\/sited\/wp-json\/wp\/v2\/comments?post=7661"}],"version-history":[{"count":0,"href":"https:\/\/sertaneja95fm.com.br\/sited\/wp-json\/wp\/v2\/posts\/7661\/revisions"}],"wp:featuredmedia":[{"embeddable":true,"href":"https:\/\/sertaneja95fm.com.br\/sited\/wp-json\/"}],"wp:attachment":[{"href":"https:\/\/sertaneja95fm.com.br\/sited\/wp-json\/wp\/v2\/media?parent=7661"}],"wp:term":[{"taxonomy":"category","embeddable":true,"href":"https:\/\/sertaneja95fm.com.br\/sited\/wp-json\/wp\/v2\/categories?post=7661"},{"taxonomy":"post_tag","embeddable":true,"href":"https:\/\/sertaneja95fm.com.br\/sited\/wp-json\/wp\/v2\/tags?post=7661"}],"curies":[{"name":"wp","href":"https:\/\/api.w.org\/{rel}","templated":true}]}}