{"id":7665,"date":"2022-10-19T15:52:43","date_gmt":"2022-10-19T18:52:43","guid":{"rendered":"https:\/\/sertaneja95fm.com.br\/?p=7665"},"modified":"2022-10-19T15:52:43","modified_gmt":"2022-10-19T18:52:43","slug":"variola-dos-macacos-rn-chega-a-102-casos-da-doenca-em-14-municipios","status":"publish","type":"post","link":"https:\/\/sertaneja95fm.com.br\/sited\/variola-dos-macacos-rn-chega-a-102-casos-da-doenca-em-14-municipios\/","title":{"rendered":"Var\u00edola dos macacos: RN chega a 102 casos da doen\u00e7a em 14 munic\u00edpios"},"content":{"rendered":"\n<p>O Rio Grande do Norte contabiliza 102 casos confirmados de var\u00edola dos macacos em 14 munic\u00edpios, conforme dados da Secretaria Estadual de Sa\u00fade P\u00fablica (Sesap). Natal concentra a maioria dos casos, com 64 pessoas diagnosticadas com a doen\u00e7a. Em seguida aparecem as cidades de Parnamirim (16) e Extremoz (4).<\/p>\n\n\n\n<p>N\u00e3o h\u00e1 registro de mortes por var\u00edola dos macacos no RN. No Brasil, pelo menos seis mortes j\u00e1 foram registradas. No Rio Grande do Norte, o primeiro caso de var\u00edola dos macacos foi confirmado no dia 1\u00ba de julho.&nbsp; Em agosto o governo do estado lan\u00e7ou um plano de conting\u00eancia para preven\u00e7\u00e3o e combate \u00e0 dissemina\u00e7\u00e3o da doen\u00e7a.<\/p>\n\n\n\n<p>Dos 102 casos confirmados no Rio Grande do Norte, 84 s\u00e3o homens e 18, mulheres.&nbsp;A faixa et\u00e1ria entre 30 e 39 anos registra o maior n\u00famero de casos: 35. Outros 28 pacientes t\u00eam entre 20 e 29 anos. Seis casos foram registrados em crian\u00e7as de 0 a 11 anos de idade.<\/p>\n\n\n\n<p><strong>G1 RN<\/strong><\/p>\n\n\n\n<p><em>Foto: Reprodu\u00e7\u00e3o<\/em><\/p>\n","protected":false},"excerpt":{"rendered":"<p>O Rio Grande do Norte contabiliza 102 casos confirmados de var\u00edola dos macacos em 14 munic\u00edpios, conforme dados da Secretaria Estadual de Sa\u00fade P\u00fablica (Sesap). Natal concentra a maioria dos casos, com 64 pessoas diagnosticadas com a doen\u00e7a. Em seguida aparecem as cidades de Parnamirim (16) e Extremoz (4). N\u00e3o h\u00e1 registro de mortes por [&hellip;]<\/p>\n","protected":false},"author":2,"featured_media":7666,"comment_status":"open","ping_status":"open","sticky":false,"template":"","format":"standard","meta":{"footnotes":""},"categories":[3,4,5,6,7,8,1],"tags":[],"class_list":["post-7665","post","type-post","status-publish","format-standard","has-post-thumbnail","hentry","category-destaque","category-locais","category-noticias","category-podcasts","category-sem-categoria","category-ultimas","category-uncategorized"],"aioseo_notices":[],"_links":{"self":[{"href":"https:\/\/sertaneja95fm.com.br\/sited\/wp-json\/wp\/v2\/posts\/7665","targetHints":{"allow":["GET"]}}],"collection":[{"href":"https:\/\/sertaneja95fm.com.br\/sited\/wp-json\/wp\/v2\/posts"}],"about":[{"href":"https:\/\/sertaneja95fm.com.br\/sited\/wp-json\/wp\/v2\/types\/post"}],"author":[{"embeddable":true,"href":"https:\/\/sertaneja95fm.com.br\/sited\/wp-json\/wp\/v2\/users\/2"}],"replies":[{"embeddable":true,"href":"https:\/\/sertaneja95fm.com.br\/sited\/wp-json\/wp\/v2\/comments?post=7665"}],"version-history":[{"count":0,"href":"https:\/\/sertaneja95fm.com.br\/sited\/wp-json\/wp\/v2\/posts\/7665\/revisions"}],"wp:featuredmedia":[{"embeddable":true,"href":"https:\/\/sertaneja95fm.com.br\/sited\/wp-json\/"}],"wp:attachment":[{"href":"https:\/\/sertaneja95fm.com.br\/sited\/wp-json\/wp\/v2\/media?parent=7665"}],"wp:term":[{"taxonomy":"category","embeddable":true,"href":"https:\/\/sertaneja95fm.com.br\/sited\/wp-json\/wp\/v2\/categories?post=7665"},{"taxonomy":"post_tag","embeddable":true,"href":"https:\/\/sertaneja95fm.com.br\/sited\/wp-json\/wp\/v2\/tags?post=7665"}],"curies":[{"name":"wp","href":"https:\/\/api.w.org\/{rel}","templated":true}]}}