{"id":7668,"date":"2022-10-20T15:20:39","date_gmt":"2022-10-20T18:20:39","guid":{"rendered":"https:\/\/sertaneja95fm.com.br\/?p=7668"},"modified":"2022-10-20T15:20:39","modified_gmt":"2022-10-20T18:20:39","slug":"racismo-no-rn-estado-registra-1-caso-de-crime-racial-a-cada-2-dias-em-2022","status":"publish","type":"post","link":"https:\/\/sertaneja95fm.com.br\/sited\/racismo-no-rn-estado-registra-1-caso-de-crime-racial-a-cada-2-dias-em-2022\/","title":{"rendered":"Racismo no RN: Estado registra 1 caso de crime racial a cada 2 dias em 2022"},"content":{"rendered":"\n<p>Casos de crimes raciais ganharam notoriedade&nbsp;nos \u00faltimos dias. A situa\u00e7\u00e3o vivida pelo&nbsp;cantor seu Jorge, que foi alvo de xingamentos durante um show, e pelo humorista Eddy Junior, impedido de entrar em um elevador junto da sua vizinha, fizeram o debate sobre esse tipo de ocorr\u00eancia voltar a ficar em alta. No&nbsp;Rio Grande do Norte,&nbsp;um caso de racismo ou de inj\u00faria racial \u00e9 registrado a cada dois dias em 2022, conforme dados da Coordenadoria de Informa\u00e7\u00f5es Estat\u00edsticas e An\u00e1lises Criminais (Coine), da Secretaria de Seguran\u00e7a do Estado (Sesed).<\/p>\n\n\n\n<p>De acordo com os n\u00fameros apresentados desde janeiro at\u00e9 o dia 30 de setembro, o RN j\u00e1 teve 24 casos de racismo e 108 de inj\u00faria racial, que \u00e9 o mais recorrente por se tratar de ofensas e xingamentos. Em 2021, 102 casos do tipo foram registrados. No entanto, pelo fato de ainda n\u00e3o ter sido implantado o sistema de Procedimentos Policiais Eletr\u00f4nicos (PPE), os n\u00fameros n\u00e3o s\u00e3o precisos.<\/p>\n\n\n\n<p>Conforme a delegada da Pol\u00edcia Civil, Paoulla Mau\u00e9s, os crimes diretos de&nbsp;racismo possuem um \u00edndice menor tamb\u00e9m por conta da especifica\u00e7\u00e3o da lei, que considera apenas siuta\u00e7\u00f5es em que, atrelado aos fatores da inj\u00faria, h\u00e1 uma distin\u00e7\u00e3o de atendimento ou recep\u00e7\u00e3o por conta da cor da pele.<\/p>\n\n\n\n<p>\u201cRacismo, al\u00e9m da ofensa em raz\u00e3o da cor e&nbsp;religi\u00e3o, h\u00e1 tamb\u00e9m a segrega\u00e7\u00e3o da pessoa, em raz\u00e3o dessa condi\u00e7\u00e3o. Por exemplo, proibir o acesso de algu\u00e9m a um cargo de aministra\u00e7\u00e3o p\u00fablica, ou contrata\u00e7\u00e3o em iniciativa privada, recusar uma hospedagem ou entrada em restaurante\u201d, contou.<\/p>\n\n\n\n<p>A inj\u00faria racial \u00e9&nbsp;de a\u00e7\u00e3o penal p\u00fablica, condicionada \u00e0 representa\u00e7\u00e3o da v\u00edtima. Ou seja, o alvo da inj\u00faria precisa registrar ocorr\u00eancia e manifestar o desejo de representar o criminoso. Assim como o racismo, \u00e9 imprescrit\u00edvel e inafian\u00e7\u00e1vel e a pena \u00e9 de at\u00e9 tr\u00eas anos.<\/p>\n\n\n\n<p>Para prestar melhor aten\u00e7\u00e3o a estes tipos de crime, uma&nbsp;nova delegacia de combate \u00e0 intoler\u00e2ncia e ao racismo&nbsp;ser\u00e1 implantada dentro do Departamento de Prote\u00e7\u00e3o a Grupos em Situa\u00e7\u00e3o de Vulnerabilidade Social (DPGV). O intuito \u00e9 poder registrar melhor os casos e evitar que pessoas se sintam a vontade para realizar den\u00fancias.<\/p>\n\n\n\n<p>Segundo a Pol\u00edcia Civil, ainda h\u00e1 um percentual consider\u00e1vel de v\u00edtimas que evitam levar o caso adiante. Segundo Paoulla, alguns\u00a0agentes rec\u00e9m-convocados\u00a0ser\u00e3o utilizados para o aux\u00edlio do andamento desta unidade para melhor apurar os casos relacionados aos crimes raciais.<\/p>\n\n\n\n<figure class=\"wp-block-image\"><img decoding=\"async\" src=\"https:\/\/96fm.com.br\/userfiles\/files\/WhatsApp%20Image%202022-10-19%20at%2011_29_30.jpeg\" alt=\"\"\/><\/figure>\n\n\n\n<figure class=\"wp-block-image\"><img decoding=\"async\" src=\"https:\/\/96fm.com.br\/userfiles\/files\/WhatsApp%20Image%202022-10-19%20at%2011_56_00.jpeg\" alt=\"\"\/><\/figure>\n\n\n\n<p>Portal 96 FM<\/p>\n\n\n\n<p><em>Foto: divulga\u00e7\u00e3o<\/em><\/p>\n","protected":false},"excerpt":{"rendered":"<p>Casos de crimes raciais ganharam notoriedade&nbsp;nos \u00faltimos dias. A situa\u00e7\u00e3o vivida pelo&nbsp;cantor seu Jorge, que foi alvo de xingamentos durante um show, e pelo humorista Eddy Junior, impedido de entrar em um elevador junto da sua vizinha, fizeram o debate sobre esse tipo de ocorr\u00eancia voltar a ficar em alta. No&nbsp;Rio Grande do Norte,&nbsp;um caso [&hellip;]<\/p>\n","protected":false},"author":2,"featured_media":7669,"comment_status":"open","ping_status":"open","sticky":false,"template":"","format":"standard","meta":{"footnotes":""},"categories":[3,4,5,6,7,8],"tags":[],"class_list":["post-7668","post","type-post","status-publish","format-standard","has-post-thumbnail","hentry","category-destaque","category-locais","category-noticias","category-podcasts","category-sem-categoria","category-ultimas"],"aioseo_notices":[],"_links":{"self":[{"href":"https:\/\/sertaneja95fm.com.br\/sited\/wp-json\/wp\/v2\/posts\/7668","targetHints":{"allow":["GET"]}}],"collection":[{"href":"https:\/\/sertaneja95fm.com.br\/sited\/wp-json\/wp\/v2\/posts"}],"about":[{"href":"https:\/\/sertaneja95fm.com.br\/sited\/wp-json\/wp\/v2\/types\/post"}],"author":[{"embeddable":true,"href":"https:\/\/sertaneja95fm.com.br\/sited\/wp-json\/wp\/v2\/users\/2"}],"replies":[{"embeddable":true,"href":"https:\/\/sertaneja95fm.com.br\/sited\/wp-json\/wp\/v2\/comments?post=7668"}],"version-history":[{"count":0,"href":"https:\/\/sertaneja95fm.com.br\/sited\/wp-json\/wp\/v2\/posts\/7668\/revisions"}],"wp:featuredmedia":[{"embeddable":true,"href":"https:\/\/sertaneja95fm.com.br\/sited\/wp-json\/"}],"wp:attachment":[{"href":"https:\/\/sertaneja95fm.com.br\/sited\/wp-json\/wp\/v2\/media?parent=7668"}],"wp:term":[{"taxonomy":"category","embeddable":true,"href":"https:\/\/sertaneja95fm.com.br\/sited\/wp-json\/wp\/v2\/categories?post=7668"},{"taxonomy":"post_tag","embeddable":true,"href":"https:\/\/sertaneja95fm.com.br\/sited\/wp-json\/wp\/v2\/tags?post=7668"}],"curies":[{"name":"wp","href":"https:\/\/api.w.org\/{rel}","templated":true}]}}