{"id":7871,"date":"2023-01-18T08:53:26","date_gmt":"2023-01-18T11:53:26","guid":{"rendered":"https:\/\/sertaneja95fm.com.br\/?p=7871"},"modified":"2023-01-18T08:53:26","modified_gmt":"2023-01-18T11:53:26","slug":"governadora-anuncia-criacao-de-companhia-independente-da-pm-em-parelhas-rn","status":"publish","type":"post","link":"https:\/\/sertaneja95fm.com.br\/sited\/governadora-anuncia-criacao-de-companhia-independente-da-pm-em-parelhas-rn\/","title":{"rendered":"<a href=\"https:\/\/ismaelmedeiros.com.br\/governadora-anuncia-criacao-de-companhia-independente-da-pm-em-parelhas-rn\/\">Governadora anuncia cria\u00e7\u00e3o de Companhia Independente da PM em Parelhas-RN<\/a>"},"content":{"rendered":"\n<p>A governadora F\u00e1tima Bezerra anunciou, nesta segunda-feira (16), no munic\u00edpio de Parelhas-RN, a cria\u00e7\u00e3o da 11\u00aa Companhia Independente da Pol\u00edcia Militar (11\u00aa CIPM) para atuar no munic\u00edpio e no entorno. O decreto para sua cria\u00e7\u00e3o ser\u00e1 publicado no Di\u00e1rio Oficial do Estado (DOE) desta ter\u00e7a-feira (17).<\/p>\n\n\n\n<p>A Companhia Independente da PMRN faz parte do esfor\u00e7o do governo do Rio Grande do Norte para melhorar a seguran\u00e7a p\u00fablica no estado, e contar\u00e1 com 03 Pelot\u00f5es que atuar\u00e3o em Parelhas (onde ser\u00e1 a sede da Companhia) Carna\u00faba dos Dantas, Equador e Santana do Serid\u00f3.<\/p>\n\n\n\n<p>Essa iniciativa vem se juntar a outras medidas adotadas durante o primeiro mandato da governadora, como o refor\u00e7o da estrutura de seguran\u00e7a em Currais Novos, a abertura de delegacias na Grande Natal e no interior do Estado e em investimentos em recursos humanos, como concursos p\u00fablicos e promo\u00e7\u00f5es, e tecnologia voltadas para combater o crime.<\/p>\n\n\n\n<p><em>Promo\u00e7\u00f5es<\/em><br>Quando considerado todo o per\u00edodo da primeira gest\u00e3o, entre janeiro de 2019 e dezembro de 2022, o estado se aproximou da marca de 10 mil agentes de seguran\u00e7a p\u00fablica promovidos. Al\u00e9m desta marca, destaca-se ainda a cria\u00e7\u00e3o do plano de cargos e carreira do Instituto T\u00e9cnico-Cient\u00edfico de Per\u00edcia (ITEP), um ato hist\u00f3rico para o \u00f3rg\u00e3o.<\/p>\n\n\n\n<p><em>Concurso P\u00fablico<\/em><br>Ap\u00f3s mais de 15 anos sem concurso p\u00fablico, a Pol\u00edcia Militar do Rio Grande do Norte teve um incremento de efetivo com mais de 1.300 novos policiais, entre pra\u00e7as e oficiais, sendo incorporados para o operacional e tamb\u00e9m para o corpo de sa\u00fada da institui\u00e7\u00e3o.<br>Al\u00e9m destes, novos policiais dever\u00e3o ser integrados a partir de um novo concurso que est\u00e1 por vir, com o oferecimento de mais 1.158 vagas.<\/p>\n\n\n\n<p><em>Investimentos<\/em><br>A seguran\u00e7a p\u00fablica foi destaque no primeiro governo da professora F\u00e1tima no que diz respeito ao elevado quantitativo de investimentos realizados. O sistema estadual de seguran\u00e7a p\u00fablica recebeu investimento de mais R$ 250 milh\u00f5es, empregado por meio de recursos pr\u00f3prios, recursos do Minist\u00e9rio da Justi\u00e7a e Seguran\u00e7a P\u00fablica (MJSP), e recursos oriundos de emendas parlamentares.<\/p>\n\n\n\n<p>Ao final destes quatro anos, o Rio Grande do Norte adquiriu centenas de novas viaturas, entre motos, carros, caminhonetes, caminh\u00f5es, guinchos e micro-\u00f4nibus, al\u00e9m de novos armamentos, com muni\u00e7\u00f5es, sendo letais e n\u00e3o-letais, r\u00e1dios comunicadores, algemas, in\u00fameros equipamentos tecnol\u00f3gicos, e tamb\u00e9m m\u00f3veis para unidades operacionais.<\/p>\n\n\n\n<p>Na semana passada, foram entregues 50 motos, sendo 30 para a ROCAM e 20 para o Comando de Policiamento Rodovi\u00e1rio Estadual (CPRE); 13 ve\u00edculos tipo Volkswagem T-Cross para distribui\u00e7\u00e3o entre os Comandos de Policiamento Regionais (CPRs) da PMRN; 10 ve\u00edculos para a Secretaria de Estado da Administra\u00e7\u00e3o Penitenci\u00e1ria; 11 ve\u00edculos para a Pol\u00edcia Civil e 05 Motos Aqu\u00e1ticas entregues ao Corpo de Bombeiros Militar.<\/p>\n\n\n\n<p>FOTO : DIVULGA\u00c7\u00c3O <\/p>\n","protected":false},"excerpt":{"rendered":"<p>A governadora F\u00e1tima Bezerra anunciou, nesta segunda-feira (16), no munic\u00edpio de Parelhas-RN, a cria\u00e7\u00e3o da 11\u00aa Companhia Independente da Pol\u00edcia Militar (11\u00aa CIPM) para atuar no munic\u00edpio e no entorno. O decreto para sua cria\u00e7\u00e3o ser\u00e1 publicado no Di\u00e1rio Oficial do Estado (DOE) desta ter\u00e7a-feira (17). A Companhia Independente da PMRN faz parte do esfor\u00e7o [&hellip;]<\/p>\n","protected":false},"author":2,"featured_media":7873,"comment_status":"open","ping_status":"open","sticky":false,"template":"","format":"standard","meta":{"footnotes":""},"categories":[3,4,5,6,7,8],"tags":[],"class_list":["post-7871","post","type-post","status-publish","format-standard","has-post-thumbnail","hentry","category-destaque","category-locais","category-noticias","category-podcasts","category-sem-categoria","category-ultimas"],"aioseo_notices":[],"_links":{"self":[{"href":"https:\/\/sertaneja95fm.com.br\/sited\/wp-json\/wp\/v2\/posts\/7871","targetHints":{"allow":["GET"]}}],"collection":[{"href":"https:\/\/sertaneja95fm.com.br\/sited\/wp-json\/wp\/v2\/posts"}],"about":[{"href":"https:\/\/sertaneja95fm.com.br\/sited\/wp-json\/wp\/v2\/types\/post"}],"author":[{"embeddable":true,"href":"https:\/\/sertaneja95fm.com.br\/sited\/wp-json\/wp\/v2\/users\/2"}],"replies":[{"embeddable":true,"href":"https:\/\/sertaneja95fm.com.br\/sited\/wp-json\/wp\/v2\/comments?post=7871"}],"version-history":[{"count":0,"href":"https:\/\/sertaneja95fm.com.br\/sited\/wp-json\/wp\/v2\/posts\/7871\/revisions"}],"wp:featuredmedia":[{"embeddable":true,"href":"https:\/\/sertaneja95fm.com.br\/sited\/wp-json\/"}],"wp:attachment":[{"href":"https:\/\/sertaneja95fm.com.br\/sited\/wp-json\/wp\/v2\/media?parent=7871"}],"wp:term":[{"taxonomy":"category","embeddable":true,"href":"https:\/\/sertaneja95fm.com.br\/sited\/wp-json\/wp\/v2\/categories?post=7871"},{"taxonomy":"post_tag","embeddable":true,"href":"https:\/\/sertaneja95fm.com.br\/sited\/wp-json\/wp\/v2\/tags?post=7871"}],"curies":[{"name":"wp","href":"https:\/\/api.w.org\/{rel}","templated":true}]}}