{"id":7887,"date":"2023-01-24T09:58:56","date_gmt":"2023-01-24T12:58:56","guid":{"rendered":"https:\/\/sertaneja95fm.com.br\/?p=7887"},"modified":"2023-01-24T09:58:56","modified_gmt":"2023-01-24T12:58:56","slug":"ezequiel-podera-ser-o-candidato-de-fatima-ao-governo","status":"publish","type":"post","link":"https:\/\/sertaneja95fm.com.br\/sited\/ezequiel-podera-ser-o-candidato-de-fatima-ao-governo\/","title":{"rendered":"<a href=\"https:\/\/www.vlaudeyliberato.com\/ezequiel-pode-ser-o-candidato-de-fatima-ao-governo\/\">Ezequiel poder\u00e1 ser o candidato de F\u00e1tima ao governo<\/a>"},"content":{"rendered":"\n<p>O jornalista Vicente Serejo aborda em sua coluna na Tribuna do Norte:<\/p>\n\n\n\n<p>Embora trancado a chave, haveria o plano no cofre pol\u00edtico da governadora F\u00e1tima Bezerra: a nomea\u00e7\u00e3o do vice-governador, Walter Alves, para uma vaga no Tribunal de Contas.<\/p>\n\n\n\n<p>O plano de emerg\u00eancia \u00e9 ter Ezequiel Ferreira na presid\u00eancia do Poder Legislativo para assumir seu lugar no \u00faltimo ano de gest\u00e3o e disputar o governo numa alian\u00e7a PSDB-PT.<\/p>\n\n\n\n<p>O PT poder\u00e1 aliar-se ao PSDB, at\u00e9 como forma de assegurar a elei\u00e7\u00e3o de F\u00e1tima a uma das duas vagas de senador em 2026.<br><strong><br><\/strong>Futurologia?<\/p>\n\n\n\n<p>Pode ser. Mas, Walter tem a vaga do tio, Paulo Roberto, no TCE. Basta Garibaldi Filho pedir a Paulo para se aposentar. Afinal, ele deve a Garibaldi a sua nomea\u00e7\u00e3o.<\/p>\n\n\n\n<p>VLAUDEYLIBERATO<\/p>\n\n\n\n\n\n<figure class=\"wp-block-embed\"><div class=\"wp-block-embed__wrapper\">\nhttps:\/\/www.vlaudeyliberato.com\/\n<\/div><\/figure>\n","protected":false},"excerpt":{"rendered":"<p>O jornalista Vicente Serejo aborda em sua coluna na Tribuna do Norte: Embora trancado a chave, haveria o plano no cofre pol\u00edtico da governadora F\u00e1tima Bezerra: a nomea\u00e7\u00e3o do vice-governador, Walter Alves, para uma vaga no Tribunal de Contas. O plano de emerg\u00eancia \u00e9 ter Ezequiel Ferreira na presid\u00eancia do Poder Legislativo para assumir seu [&hellip;]<\/p>\n","protected":false},"author":2,"featured_media":7889,"comment_status":"open","ping_status":"open","sticky":false,"template":"","format":"standard","meta":{"footnotes":""},"categories":[3,4,5,6,7,8],"tags":[],"class_list":["post-7887","post","type-post","status-publish","format-standard","has-post-thumbnail","hentry","category-destaque","category-locais","category-noticias","category-podcasts","category-sem-categoria","category-ultimas"],"aioseo_notices":[],"_links":{"self":[{"href":"https:\/\/sertaneja95fm.com.br\/sited\/wp-json\/wp\/v2\/posts\/7887","targetHints":{"allow":["GET"]}}],"collection":[{"href":"https:\/\/sertaneja95fm.com.br\/sited\/wp-json\/wp\/v2\/posts"}],"about":[{"href":"https:\/\/sertaneja95fm.com.br\/sited\/wp-json\/wp\/v2\/types\/post"}],"author":[{"embeddable":true,"href":"https:\/\/sertaneja95fm.com.br\/sited\/wp-json\/wp\/v2\/users\/2"}],"replies":[{"embeddable":true,"href":"https:\/\/sertaneja95fm.com.br\/sited\/wp-json\/wp\/v2\/comments?post=7887"}],"version-history":[{"count":0,"href":"https:\/\/sertaneja95fm.com.br\/sited\/wp-json\/wp\/v2\/posts\/7887\/revisions"}],"wp:featuredmedia":[{"embeddable":true,"href":"https:\/\/sertaneja95fm.com.br\/sited\/wp-json\/"}],"wp:attachment":[{"href":"https:\/\/sertaneja95fm.com.br\/sited\/wp-json\/wp\/v2\/media?parent=7887"}],"wp:term":[{"taxonomy":"category","embeddable":true,"href":"https:\/\/sertaneja95fm.com.br\/sited\/wp-json\/wp\/v2\/categories?post=7887"},{"taxonomy":"post_tag","embeddable":true,"href":"https:\/\/sertaneja95fm.com.br\/sited\/wp-json\/wp\/v2\/tags?post=7887"}],"curies":[{"name":"wp","href":"https:\/\/api.w.org\/{rel}","templated":true}]}}