{"id":7897,"date":"2023-02-03T09:11:57","date_gmt":"2023-02-03T12:11:57","guid":{"rendered":"https:\/\/sertaneja95fm.com.br\/?p=7897"},"modified":"2023-02-03T09:11:57","modified_gmt":"2023-02-03T12:11:57","slug":"videoconselho-tutelar-de-currais-novos-desenvolve-acoes-na-semana-de-prevencao-a-gravidez-na-adolescencia","status":"publish","type":"post","link":"https:\/\/sertaneja95fm.com.br\/sited\/videoconselho-tutelar-de-currais-novos-desenvolve-acoes-na-semana-de-prevencao-a-gravidez-na-adolescencia\/","title":{"rendered":"VIDEO:Conselho tutelar de Currais Novos desenvolve a\u00e7\u00f5es na semana de preven\u00e7\u00e3o \u00e0 gravidez na adolesc\u00eancia"},"content":{"rendered":"\n<figure class=\"wp-block-video\"><video controls src=\"https:\/\/sertaneja95fm.com.br\/wp-content\/uploads\/2023\/02\/MATERIA-CONSELHO-TUTELAR-03-02-23.mp4\"><\/video><figcaption class=\"wp-element-caption\">REPORTAGEM : SERGIO MATOS \/ IMAGENS RA\u00cd FIDELIS <\/figcaption><\/figure>\n\n\n\n<p><\/p>\n\n\n\n<p><\/p>\n\n\n\n<p><\/p>\n","protected":false},"excerpt":{"rendered":"","protected":false},"author":2,"featured_media":7901,"comment_status":"open","ping_status":"open","sticky":false,"template":"","format":"standard","meta":{"footnotes":""},"categories":[3,4,5,6,7,8],"tags":[],"class_list":["post-7897","post","type-post","status-publish","format-standard","has-post-thumbnail","hentry","category-destaque","category-locais","category-noticias","category-podcasts","category-sem-categoria","category-ultimas"],"aioseo_notices":[],"_links":{"self":[{"href":"https:\/\/sertaneja95fm.com.br\/sited\/wp-json\/wp\/v2\/posts\/7897","targetHints":{"allow":["GET"]}}],"collection":[{"href":"https:\/\/sertaneja95fm.com.br\/sited\/wp-json\/wp\/v2\/posts"}],"about":[{"href":"https:\/\/sertaneja95fm.com.br\/sited\/wp-json\/wp\/v2\/types\/post"}],"author":[{"embeddable":true,"href":"https:\/\/sertaneja95fm.com.br\/sited\/wp-json\/wp\/v2\/users\/2"}],"replies":[{"embeddable":true,"href":"https:\/\/sertaneja95fm.com.br\/sited\/wp-json\/wp\/v2\/comments?post=7897"}],"version-history":[{"count":0,"href":"https:\/\/sertaneja95fm.com.br\/sited\/wp-json\/wp\/v2\/posts\/7897\/revisions"}],"wp:featuredmedia":[{"embeddable":true,"href":"https:\/\/sertaneja95fm.com.br\/sited\/wp-json\/"}],"wp:attachment":[{"href":"https:\/\/sertaneja95fm.com.br\/sited\/wp-json\/wp\/v2\/media?parent=7897"}],"wp:term":[{"taxonomy":"category","embeddable":true,"href":"https:\/\/sertaneja95fm.com.br\/sited\/wp-json\/wp\/v2\/categories?post=7897"},{"taxonomy":"post_tag","embeddable":true,"href":"https:\/\/sertaneja95fm.com.br\/sited\/wp-json\/wp\/v2\/tags?post=7897"}],"curies":[{"name":"wp","href":"https:\/\/api.w.org\/{rel}","templated":true}]}}