{"id":7995,"date":"2023-03-15T08:50:15","date_gmt":"2023-03-15T11:50:15","guid":{"rendered":"https:\/\/sertaneja95fm.com.br\/?p=7995"},"modified":"2023-03-15T08:50:15","modified_gmt":"2023-03-15T11:50:15","slug":"suspeito-de-ser-um-dos-responsaveis-por-ataques-violentos-no-rn-e-morto-em-confronto-com-a-policia-na-pb","status":"publish","type":"post","link":"https:\/\/sertaneja95fm.com.br\/sited\/suspeito-de-ser-um-dos-responsaveis-por-ataques-violentos-no-rn-e-morto-em-confronto-com-a-policia-na-pb\/","title":{"rendered":"Suspeito de ser um dos respons\u00e1veis por ataques violentos no RN \u00e9 morto em confronto com a pol\u00edcia na PB"},"content":{"rendered":"\n<p>Um jovem de 29 anos, apontado pela pol\u00edcia como um dos respons\u00e1veis por organizar os&nbsp;<a class=\"\" href=\"https:\/\/g1.globo.com\/rn\/rio-grande-do-norte\/noticia\/2023\/03\/15\/rn-registra-novos-ataques-em-segunda-noite-de-onda-de-violencia.ghtml\">ataques violentos no Rio Grande do Norte<\/a>, morreu ap\u00f3s um confronto com a pol\u00edcia, em&nbsp;<a class=\"\" href=\"https:\/\/g1.globo.com\/pb\/paraiba\/cidade\/joao-pessoa\/\">Jo\u00e3o Pessoa<\/a>, na madrugada desta quarta-feira (15).<\/p>\n\n\n\n<p>De acordo com a Pol\u00edcia Civil, Jos\u00e9 Wilson da Silva Filho era foragido dos sistemas prisionais da Para\u00edba e do Rio Grande do Norte e estava escondido no bairro de Paratibe, na capital paraibana.<\/p>\n\n\n\n<p>Segundo Luciano Augusto, delegado do Departamento de Investiga\u00e7\u00e3o Contra o Crime Organizado no Rio Grande do Norte (DEICOR-RN),\u00a0o jovem fazia parte do grupo criminosos respons\u00e1vel pelos ataques, e j\u00e1 era monitorado pelo departamento h\u00e1 cerca de um ano.<\/p>\n\n\n\n<p>Um jovem de 29 anos, apontado pela pol\u00edcia como um dos respons\u00e1veis por organizar os&nbsp;<a class=\"\" href=\"https:\/\/g1.globo.com\/rn\/rio-grande-do-norte\/noticia\/2023\/03\/15\/rn-registra-novos-ataques-em-segunda-noite-de-onda-de-violencia.ghtml\">ataques violentos no Rio Grande do Norte<\/a>, morreu ap\u00f3s um confronto com a pol\u00edcia, em&nbsp;<a class=\"\" href=\"https:\/\/g1.globo.com\/pb\/paraiba\/cidade\/joao-pessoa\/\">Jo\u00e3o Pessoa<\/a>, na madrugada desta quarta-feira (15).<\/p>\n\n\n\n<p>De acordo com a Pol\u00edcia Civil, Jos\u00e9 Wilson da Silva Filho era foragido dos sistemas prisionais da Para\u00edba e do Rio Grande do Norte e estava escondido no bairro de Paratibe, na capital paraibana.<\/p>\n\n\n\n<p>Segundo Luciano Augusto, delegado do Departamento de Investiga\u00e7\u00e3o Contra o Crime Organizado no Rio Grande do Norte (DEICOR-RN),\u00a0o jovem fazia parte do grupo criminosos respons\u00e1vel pelos ataques, e j\u00e1 era monitorado pelo departamento h\u00e1 cerca de um ano.<\/p>\n\n\n\n<blockquote class=\"wp-block-quote is-layout-flow wp-block-quote-is-layout-flow\">\n<p>\u201cCom os recentes ataques oriundos de ordens vindas do pres\u00eddio, ele era um dos poucos integrantes do grupo em liberdade, e estava orquestrando o cumprimento destas ordens. N\u00f3s intensificamos a investiga\u00e7\u00e3o contra ele e identificamos que ele atuou fornecendo armamentos, dinheiro e determinando os locais dos ataques que aconteceram nos \u00faltimos dias\u201d, disse Luciano.<\/p>\n<\/blockquote>\n\n\n\n<p>Ainda conforme o delegado, outros alvos est\u00e3o sendo monitorados, mas as informa\u00e7\u00f5es n\u00e3o podem ser divulgadas para n\u00e3o comprometer a investiga\u00e7\u00e3o.<\/p>\n\n\n\n<h2 class=\"wp-block-heading\">Ataques no RN<\/h2>\n\n\n\n<p>Segundo a pol\u00edcia, a a\u00e7\u00e3o \u00e9 organizada por uma fac\u00e7\u00e3o que age de dentro dos pres\u00eddios. O grupo tem queimado pr\u00e9dios p\u00fablicos, com\u00e9rcios e ve\u00edculos. Ao menos duas pessoas ficaram feridas.<\/p>\n\n\n\n<p>Na madrugada,&nbsp;<a class=\"\" href=\"https:\/\/g1.globo.com\/politica\/noticia\/2023\/03\/15\/forca-nacional-chega-a-natal-no-rn-apos-onda-de-violencia.ghtml\">100 homens da For\u00e7a Nacional chegaram ao estado<\/a>&nbsp;para refor\u00e7ar a seguran\u00e7a. De acordo com o \u00faltimo balan\u00e7o da Pol\u00edcia Militar, 28 pessoas foram presas desde o in\u00edcio dos ataques.<\/p>\n\n\n\n<p>A Secretaria da Seguran\u00e7a e da Defesa Social da Para\u00edba\u00a0<a class=\"\" href=\"https:\/\/g1.globo.com\/pb\/paraiba\/noticia\/2023\/03\/14\/seguranca-e-reforcada-na-divisa-da-paraiba-com-rn-apos-ataques-violentos.ghtml\">refor\u00e7ou o policiamento<\/a>\u00a0nas divisas do estado com o Rio Grande do Norte ap\u00f3s\u00a0<a class=\"\" href=\"https:\/\/g1.globo.com\/rn\/rio-grande-do-norte\/noticia\/2023\/03\/14\/cidades-do-rn-tem-madrugada-de-ataques-a-tiros-e-incendios-em-comercios-veiculos-e-orgaos-publicos.ghtml\">ataques em 19 cidades do estado vizinho<\/a>, na madrugada da ter\u00e7a-feira (14). Nesta quarta, o estado vizinho teve a\u00a0<a class=\"\" href=\"https:\/\/g1.globo.com\/rn\/rio-grande-do-norte\/noticia\/2023\/03\/15\/rn-registra-novos-ataques-em-segunda-noite-de-onda-de-violencia.ghtml\">segunda noite de viol\u00eancia com ataques na capital, Natal<\/a>, e pelo menos outras quatro cidades.<\/p>\n\n\n\n<p>G1RN<\/p>\n\n\n\n<p>Foto: Divulga\u00e7\u00e3o\/Pol\u00edcia Civil<\/p>\n","protected":false},"excerpt":{"rendered":"<p>Um jovem de 29 anos, apontado pela pol\u00edcia como um dos respons\u00e1veis por organizar os&nbsp;ataques violentos no Rio Grande do Norte, morreu ap\u00f3s um confronto com a pol\u00edcia, em&nbsp;Jo\u00e3o Pessoa, na madrugada desta quarta-feira (15). De acordo com a Pol\u00edcia Civil, Jos\u00e9 Wilson da Silva Filho era foragido dos sistemas prisionais da Para\u00edba e do [&hellip;]<\/p>\n","protected":false},"author":2,"featured_media":7996,"comment_status":"open","ping_status":"open","sticky":false,"template":"","format":"standard","meta":{"footnotes":""},"categories":[9,3,4,5,6,7],"tags":[],"class_list":["post-7995","post","type-post","status-publish","format-standard","has-post-thumbnail","hentry","category-9","category-destaque","category-locais","category-noticias","category-podcasts","category-sem-categoria"],"aioseo_notices":[],"_links":{"self":[{"href":"https:\/\/sertaneja95fm.com.br\/sited\/wp-json\/wp\/v2\/posts\/7995","targetHints":{"allow":["GET"]}}],"collection":[{"href":"https:\/\/sertaneja95fm.com.br\/sited\/wp-json\/wp\/v2\/posts"}],"about":[{"href":"https:\/\/sertaneja95fm.com.br\/sited\/wp-json\/wp\/v2\/types\/post"}],"author":[{"embeddable":true,"href":"https:\/\/sertaneja95fm.com.br\/sited\/wp-json\/wp\/v2\/users\/2"}],"replies":[{"embeddable":true,"href":"https:\/\/sertaneja95fm.com.br\/sited\/wp-json\/wp\/v2\/comments?post=7995"}],"version-history":[{"count":0,"href":"https:\/\/sertaneja95fm.com.br\/sited\/wp-json\/wp\/v2\/posts\/7995\/revisions"}],"wp:featuredmedia":[{"embeddable":true,"href":"https:\/\/sertaneja95fm.com.br\/sited\/wp-json\/"}],"wp:attachment":[{"href":"https:\/\/sertaneja95fm.com.br\/sited\/wp-json\/wp\/v2\/media?parent=7995"}],"wp:term":[{"taxonomy":"category","embeddable":true,"href":"https:\/\/sertaneja95fm.com.br\/sited\/wp-json\/wp\/v2\/categories?post=7995"},{"taxonomy":"post_tag","embeddable":true,"href":"https:\/\/sertaneja95fm.com.br\/sited\/wp-json\/wp\/v2\/tags?post=7995"}],"curies":[{"name":"wp","href":"https:\/\/api.w.org\/{rel}","templated":true}]}}