{"id":8023,"date":"2023-03-29T09:55:56","date_gmt":"2023-03-29T12:55:56","guid":{"rendered":"https:\/\/sertaneja95fm.com.br\/?p=8023"},"modified":"2023-03-29T09:55:56","modified_gmt":"2023-03-29T12:55:56","slug":"governo-afirma-que-vai-investir-r-26-milhoes-no-sistema-penitenciario","status":"publish","type":"post","link":"https:\/\/sertaneja95fm.com.br\/sited\/governo-afirma-que-vai-investir-r-26-milhoes-no-sistema-penitenciario\/","title":{"rendered":"<a href=\"https:\/\/ismaelmedeiros.com.br\/governo-afirma-que-vai-investir-r-26-milhoes-no-sistema-penitenciario\/\">Governo afirma que vai investir R$ 26 milh\u00f5es no Sistema Penitenci\u00e1rio<\/a>"},"content":{"rendered":"\n<p><\/p>\n\n\n\n<figure class=\"wp-block-image size-full\"><img decoding=\"async\" src=\"https:\/\/sertaneja95fm.com.br\/wp-content\/uploads\/2023\/03\/Design-sem-nome-15-8.webp\" alt=\"\" class=\"wp-image-8024\"\/><\/figure>\n\n\n\n<p><em>Foto: divulga\u00e7\u00e3o<\/em><\/p>\n\n\n\n<p>A governadora F\u00e1tima Bezerra detalhou em entrevista coletiva realizada na noite da segunda-feira 27, os investimentos que ser\u00e3o executados no Sistema Penitenci\u00e1rio do Rio Grande do Norte com os R$ 26 milh\u00f5es oriundos do Governo Federal. \u201cDestinaremos R$14 milh\u00f5es para a abertura de novas vagas\u201d, disse.<\/p>\n\n\n\n<p>O planejamento realizado pelo secret\u00e1rio da SEAP, Helton Edi, discutido com a Secretaria Nacional de Pol\u00edticas Penais, aplicar\u00e1 ainda R$ 12 milh\u00f5es na infraestrutura, seguran\u00e7a e controle das unidades prisionais, al\u00e9m da melhoria das assist\u00eancias aos privados de liberdade com projetos nas \u00e1reas de ressocializa\u00e7\u00e3o, trabalho, educa\u00e7\u00e3o e sa\u00fade, tudo em conson\u00e2ncia com a Lei de Execu\u00e7\u00f5es Penais (LEP). \u201cN\u00e3o \u00e9 s\u00f3 ampliar vagas. A unidade que planejamos construir deve ser adequada \u00e0s assist\u00eancias tamb\u00e9m\u201d, explicou Helton Edi.<\/p>\n\n\n\n<p><strong>ALCA\u00c7UZ<\/strong><br>Na semana passada, o Governo do Estado assinou a ordem de servi\u00e7o para obras de reforma e amplia\u00e7\u00e3o de um m\u00f3dulo de seguran\u00e7a na Penitenci\u00e1ria Estadual de Alca\u00e7uz, em N\u00edsia Floresta. A amplia\u00e7\u00e3o vai permitir a abertura de 76 novas vagas no sistema prisional. O valor da obra \u00e9 de R$ 1.097.652,46.<\/p>\n\n\n\n<p><strong>Agora RN<\/strong><\/p>\n","protected":false},"excerpt":{"rendered":"<p>Foto: divulga\u00e7\u00e3o A governadora F\u00e1tima Bezerra detalhou em entrevista coletiva realizada na noite da segunda-feira 27, os investimentos que ser\u00e3o executados no Sistema Penitenci\u00e1rio do Rio Grande do Norte com os R$ 26 milh\u00f5es oriundos do Governo Federal. \u201cDestinaremos R$14 milh\u00f5es para a abertura de novas vagas\u201d, disse. O planejamento realizado pelo secret\u00e1rio da SEAP, [&hellip;]<\/p>\n","protected":false},"author":2,"featured_media":8025,"comment_status":"open","ping_status":"open","sticky":false,"template":"","format":"standard","meta":{"footnotes":""},"categories":[3,4,5,6,7,8],"tags":[],"class_list":["post-8023","post","type-post","status-publish","format-standard","has-post-thumbnail","hentry","category-destaque","category-locais","category-noticias","category-podcasts","category-sem-categoria","category-ultimas"],"aioseo_notices":[],"_links":{"self":[{"href":"https:\/\/sertaneja95fm.com.br\/sited\/wp-json\/wp\/v2\/posts\/8023","targetHints":{"allow":["GET"]}}],"collection":[{"href":"https:\/\/sertaneja95fm.com.br\/sited\/wp-json\/wp\/v2\/posts"}],"about":[{"href":"https:\/\/sertaneja95fm.com.br\/sited\/wp-json\/wp\/v2\/types\/post"}],"author":[{"embeddable":true,"href":"https:\/\/sertaneja95fm.com.br\/sited\/wp-json\/wp\/v2\/users\/2"}],"replies":[{"embeddable":true,"href":"https:\/\/sertaneja95fm.com.br\/sited\/wp-json\/wp\/v2\/comments?post=8023"}],"version-history":[{"count":0,"href":"https:\/\/sertaneja95fm.com.br\/sited\/wp-json\/wp\/v2\/posts\/8023\/revisions"}],"wp:featuredmedia":[{"embeddable":true,"href":"https:\/\/sertaneja95fm.com.br\/sited\/wp-json\/"}],"wp:attachment":[{"href":"https:\/\/sertaneja95fm.com.br\/sited\/wp-json\/wp\/v2\/media?parent=8023"}],"wp:term":[{"taxonomy":"category","embeddable":true,"href":"https:\/\/sertaneja95fm.com.br\/sited\/wp-json\/wp\/v2\/categories?post=8023"},{"taxonomy":"post_tag","embeddable":true,"href":"https:\/\/sertaneja95fm.com.br\/sited\/wp-json\/wp\/v2\/tags?post=8023"}],"curies":[{"name":"wp","href":"https:\/\/api.w.org\/{rel}","templated":true}]}}