{"id":8037,"date":"2023-05-03T10:39:18","date_gmt":"2023-05-03T13:39:18","guid":{"rendered":"https:\/\/sertaneja95fm.com.br\/?p=8037"},"modified":"2023-05-03T10:39:18","modified_gmt":"2023-05-03T13:39:18","slug":"relator-retira-projeto-das-fake-news-da-pauta-nao-tivemos-tempo-util-para-examinar-todas-as-sugestoes","status":"publish","type":"post","link":"https:\/\/sertaneja95fm.com.br\/sited\/relator-retira-projeto-das-fake-news-da-pauta-nao-tivemos-tempo-util-para-examinar-todas-as-sugestoes\/","title":{"rendered":"Relator retira projeto das fake news da pauta \u201cN\u00e3o tivemos tempo \u00fatil para examinar todas as sugest\u00f5es\u201d"},"content":{"rendered":"\n<p>Ap\u00f3s o in\u00edcio da Ordem do Dia da sess\u00e3o deliberativa, o deputado Orlando Silva (PCdoB-SP), relator do PL das fake news (PL 2630\/20), pediu a retirada de pauta do projeto a fim de consolidar novas sugest\u00f5es de deputados ao texto.<\/p>\n\n\n\n<p>\u201cN\u00e3o tivemos tempo \u00fatil para examinar todas as sugest\u00f5es, por isso gostaria de fazer um apelo para, consultados os l\u00edderes, pud\u00e9ssemos retirar da pauta de hoje a proposta e pud\u00e9ssemos consolidar a incorpora\u00e7\u00e3o de todas as sugest\u00f5es que foram feitas para ter uma posi\u00e7\u00e3o que unifique o Plen\u00e1rio da C\u00e2mara dos Deputados num movimento de combater a desinforma\u00e7\u00e3o e garantir a liberdade de express\u00e3o\u201d, disse Orlando Silva.<\/p>\n\n\n\n<p>O presidente da C\u00e2mara, Arthur Lira, chamou os l\u00edderes ao Plen\u00e1rio para uma consulta sobre o tema. Ele destacou que tem prerrogativa para decidir sobre o assunto, mas vai ouvir os l\u00edderes. \u201cEstou sendo justo com o Pa\u00eds, n\u00e3o com radicalismo\u201d, disse.<\/p>\n\n\n\n<p>Silva afirmou que se reuniu com v\u00e1rios l\u00edderes partid\u00e1rios e recebeu pedidos de altera\u00e7\u00e3o. No Plen\u00e1rio, a proposta j\u00e1 recebeu mais de 60 emendas. Ele afirmou que \u00e9 preciso decidir ainda sobre um mecanismo de fiscaliza\u00e7\u00e3o da lei.<\/p>\n\n\n\n<p>Ag\u00eancia C\u00e2mara de Not\u00edcias<\/p>\n\n\n\n<p>Foto : divulga\u00e7\u00e3o <\/p>\n","protected":false},"excerpt":{"rendered":"<p>Ap\u00f3s o in\u00edcio da Ordem do Dia da sess\u00e3o deliberativa, o deputado Orlando Silva (PCdoB-SP), relator do PL das fake news (PL 2630\/20), pediu a retirada de pauta do projeto a fim de consolidar novas sugest\u00f5es de deputados ao texto. \u201cN\u00e3o tivemos tempo \u00fatil para examinar todas as sugest\u00f5es, por isso gostaria de fazer um [&hellip;]<\/p>\n","protected":false},"author":2,"featured_media":8038,"comment_status":"open","ping_status":"open","sticky":false,"template":"","format":"standard","meta":{"footnotes":""},"categories":[9,3,4,5,6],"tags":[],"class_list":["post-8037","post","type-post","status-publish","format-standard","has-post-thumbnail","hentry","category-9","category-destaque","category-locais","category-noticias","category-podcasts"],"aioseo_notices":[],"_links":{"self":[{"href":"https:\/\/sertaneja95fm.com.br\/sited\/wp-json\/wp\/v2\/posts\/8037","targetHints":{"allow":["GET"]}}],"collection":[{"href":"https:\/\/sertaneja95fm.com.br\/sited\/wp-json\/wp\/v2\/posts"}],"about":[{"href":"https:\/\/sertaneja95fm.com.br\/sited\/wp-json\/wp\/v2\/types\/post"}],"author":[{"embeddable":true,"href":"https:\/\/sertaneja95fm.com.br\/sited\/wp-json\/wp\/v2\/users\/2"}],"replies":[{"embeddable":true,"href":"https:\/\/sertaneja95fm.com.br\/sited\/wp-json\/wp\/v2\/comments?post=8037"}],"version-history":[{"count":0,"href":"https:\/\/sertaneja95fm.com.br\/sited\/wp-json\/wp\/v2\/posts\/8037\/revisions"}],"wp:featuredmedia":[{"embeddable":true,"href":"https:\/\/sertaneja95fm.com.br\/sited\/wp-json\/"}],"wp:attachment":[{"href":"https:\/\/sertaneja95fm.com.br\/sited\/wp-json\/wp\/v2\/media?parent=8037"}],"wp:term":[{"taxonomy":"category","embeddable":true,"href":"https:\/\/sertaneja95fm.com.br\/sited\/wp-json\/wp\/v2\/categories?post=8037"},{"taxonomy":"post_tag","embeddable":true,"href":"https:\/\/sertaneja95fm.com.br\/sited\/wp-json\/wp\/v2\/tags?post=8037"}],"curies":[{"name":"wp","href":"https:\/\/api.w.org\/{rel}","templated":true}]}}