{"id":8040,"date":"2023-05-03T10:48:18","date_gmt":"2023-05-03T13:48:18","guid":{"rendered":"https:\/\/sertaneja95fm.com.br\/?p=8040"},"modified":"2023-05-03T10:48:18","modified_gmt":"2023-05-03T13:48:18","slug":"cresce-o-numero-de-trabalhadores-informais-no-rio-grande-do-norte","status":"publish","type":"post","link":"https:\/\/sertaneja95fm.com.br\/sited\/cresce-o-numero-de-trabalhadores-informais-no-rio-grande-do-norte\/","title":{"rendered":"Cresce o n\u00famero de trabalhadores informais no Rio Grande do Norte"},"content":{"rendered":"\n<p>Mais de 618 mil trabalhadores est\u00e3o em situa\u00e7\u00e3o de informalidade no Rio Grande do Norte. Esses s\u00e3o os n\u00fameros mais atuais de acordo com a Pesquisa Nacional por Amostra de Domic\u00edlios do IBGE, e mostram um crescimento no comparativo com os \u00faltimos anos.<\/p>\n\n\n\n<p>Em 2021, a taxa era de 544 mil trabalhadores na informalidade. No ano passado, eram 610 mil.<\/p>\n\n\n\n<p>A taxa de informalidade das pessoas de 14 anos ou mais ocupadas no Rio Grande do Norte \u00e9 de 44%. Ou seja, quase metade dos adultos com algum tipo de ocupa\u00e7\u00e3o no estado trabalha sem carteira assinada. O RN ocupa a 15\u00aa posi\u00e7\u00e3o no pa\u00eds quando o assunto \u00e9 trabalho informal.<\/p>\n\n\n\n<p>Cresce o n\u00famero de trabalhadores informais no Rio Grande do Norte \u2014 Foto: Reprodu\u00e7\u00e3o\/Inter TV Cabugi<\/p>\n\n\n\n<p>Segundo o IBGE, 38 milh\u00f5es de brasileiros s\u00e3o considerados trabalhadores informais por n\u00e3o terem v\u00ednculos empregat\u00edcios nem trabalharem por conta pr\u00f3pria como aut\u00f4nomos, pessoas jur\u00eddicas ou microempreendedores.<\/p>\n\n\n\n<p>Glaydson Soares, presidente da Comiss\u00e3o de Direito do Trabalho da Ordem dos Advogados do Brasil (OAB-RN), demonstra preocupa\u00e7\u00e3o com a precariza\u00e7\u00e3o do trabalho e a falta de direitos b\u00e1sicos. \u201cEle n\u00e3o tem, por exemplo, a oportunidade de ter um benef\u00edcio previdenci\u00e1rio, um aux\u00edlio doen\u00e7a caso ele tenha um problema de sa\u00fade no desenvolver do seu trabalho\u201d, lembra.<\/p>\n\n\n\n<p>Esses trabalhadores podem contribuir para a previd\u00eancia de forma aut\u00f4noma, com al\u00edquotas de 11% a 20%, mas as necessidades mais urgentes muitas vezes impedem que reste algum dinheiro para o futuro.<\/p>\n\n\n\n<p>O Departamento Intersindical de Estat\u00edstica e Estudos Socioecon\u00f4micos (Dieese) estima que, contando com per\u00edodos de desemprego e informalidade, o trabalhador brasileiro leva cerca de 25 anos para 15 anos de contribui\u00e7\u00e3o. Com o aumento da contribui\u00e7\u00e3o m\u00ednima, para homens, para 20 anos, associada \u00e0 idade m\u00ednima de 65 anos, a concess\u00e3o do benef\u00edcio ficou ainda mais distante.<\/p>\n\n\n\n<p><strong>g1 RN<\/strong><\/p>\n\n\n\n<p><em>Foto: Reprodu\u00e7\u00e3o<\/em><\/p>\n","protected":false},"excerpt":{"rendered":"<p>Mais de 618 mil trabalhadores est\u00e3o em situa\u00e7\u00e3o de informalidade no Rio Grande do Norte. Esses s\u00e3o os n\u00fameros mais atuais de acordo com a Pesquisa Nacional por Amostra de Domic\u00edlios do IBGE, e mostram um crescimento no comparativo com os \u00faltimos anos. Em 2021, a taxa era de 544 mil trabalhadores na informalidade. No [&hellip;]<\/p>\n","protected":false},"author":2,"featured_media":8041,"comment_status":"open","ping_status":"open","sticky":false,"template":"","format":"standard","meta":{"footnotes":""},"categories":[9,3,4,5,6,7,8],"tags":[],"class_list":["post-8040","post","type-post","status-publish","format-standard","has-post-thumbnail","hentry","category-9","category-destaque","category-locais","category-noticias","category-podcasts","category-sem-categoria","category-ultimas"],"aioseo_notices":[],"_links":{"self":[{"href":"https:\/\/sertaneja95fm.com.br\/sited\/wp-json\/wp\/v2\/posts\/8040","targetHints":{"allow":["GET"]}}],"collection":[{"href":"https:\/\/sertaneja95fm.com.br\/sited\/wp-json\/wp\/v2\/posts"}],"about":[{"href":"https:\/\/sertaneja95fm.com.br\/sited\/wp-json\/wp\/v2\/types\/post"}],"author":[{"embeddable":true,"href":"https:\/\/sertaneja95fm.com.br\/sited\/wp-json\/wp\/v2\/users\/2"}],"replies":[{"embeddable":true,"href":"https:\/\/sertaneja95fm.com.br\/sited\/wp-json\/wp\/v2\/comments?post=8040"}],"version-history":[{"count":0,"href":"https:\/\/sertaneja95fm.com.br\/sited\/wp-json\/wp\/v2\/posts\/8040\/revisions"}],"wp:featuredmedia":[{"embeddable":true,"href":"https:\/\/sertaneja95fm.com.br\/sited\/wp-json\/"}],"wp:attachment":[{"href":"https:\/\/sertaneja95fm.com.br\/sited\/wp-json\/wp\/v2\/media?parent=8040"}],"wp:term":[{"taxonomy":"category","embeddable":true,"href":"https:\/\/sertaneja95fm.com.br\/sited\/wp-json\/wp\/v2\/categories?post=8040"},{"taxonomy":"post_tag","embeddable":true,"href":"https:\/\/sertaneja95fm.com.br\/sited\/wp-json\/wp\/v2\/tags?post=8040"}],"curies":[{"name":"wp","href":"https:\/\/api.w.org\/{rel}","templated":true}]}}