{"id":8043,"date":"2023-05-03T10:51:27","date_gmt":"2023-05-03T13:51:27","guid":{"rendered":"https:\/\/sertaneja95fm.com.br\/?p=8043"},"modified":"2023-05-03T10:51:27","modified_gmt":"2023-05-03T13:51:27","slug":"unica-vereadora-trans-do-nordeste-thabatta-pimenta-foi-convidada-para-ser-uma-das-representantes-do-brasil-em-encontro-lgbti-no-mexico","status":"publish","type":"post","link":"https:\/\/sertaneja95fm.com.br\/sited\/unica-vereadora-trans-do-nordeste-thabatta-pimenta-foi-convidada-para-ser-uma-das-representantes-do-brasil-em-encontro-lgbti-no-mexico\/","title":{"rendered":"\u00danica vereadora trans do nordeste, Thabatta Pimenta, foi convidada para ser uma das representantes do Brasil em encontro LGBTI no M\u00e9xico"},"content":{"rendered":"\n<p>A \u00fanica vereadora trans do nordeste, Thabatta Pimenta, foi convidada para ser uma das representantes do Brasil no Encontro de Lideran\u00e7as Pol\u00edticas LGBTI das Am\u00e9ricas e do Caribe no M\u00e9xico. A potiguar que foi a segunda mulher progressista mais votada do Rio Grande do Norte para Deputada Federal nas \u00faltimas elei\u00e7\u00f5es, estar\u00e1 no evento que acontece na Cidade do M\u00e9xico entre os dias 20 e 22 de julho, juntamente com a comitiva brasileira.<\/p>\n\n\n\n<p>\u201cVenho com essa luta n\u00e3o s\u00f3 LGBT, mas anticapacitista, pelo direito das pessoas com defici\u00eancia.\u201d destacou Thabatta tamb\u00e9m \u00e9 ativista pelas direitos das comunidades PcDs, al\u00e9m de ser chamada de \u201cirm\u00e3e\u201d por seu irm\u00e3o Ryan, que possui paralisia cerebral. Ansiosa, a parlamentar afirmou estar esperan\u00e7osa com a sua participa\u00e7\u00e3o no evento, \u201cIsso s\u00f3 mostra que h\u00e1 um caminho para as comunidades LGBT, n\u00e9?. Com esse recorte tamb\u00e9m dos pequenos munic\u00edpios, mostrando essas realidades\u201d revelou em entrevista ao Planeta Foda.&nbsp;<\/p>\n\n\n\n<p>O evento internacional que re\u00fane lideran\u00e7as abertamente LGBTI, servidores p\u00fablicos e pessoas aliadas, busca avan\u00e7o em dire\u00e7\u00e3o \u00e0 igualdade atrav\u00e9s de um espa\u00e7o de di\u00e1logo, capacita\u00e7\u00e3o e troca de experi\u00eancias. Considerado um dos maiores eventos voltados \u00e0 lideran\u00e7as das comunidades, j\u00e1 reuniu mais de 1.350 l\u00edderes LGBTIQ+ de mais de 40 pa\u00edses de todo o hemisf\u00e9rio.<\/p>\n\n\n\n<p>Segundo Thabatta, o convite para participar do evento se deu por seu expressivo n\u00famero de votos nas \u00faltimas elei\u00e7\u00f5es, mesmo sendo uma mulher trans do interior do Rio Grande do Norte. \u201cTem um peso ser uma mulher trans e travesti que foi votada em todos os munic\u00edpios do Estado, sem conseguir chegar em todos eles\u201d afirmou a vereadora. Entre os objetivos do evento est\u00e1 identificar os avan\u00e7os e as melhores pr\u00e1ticas nos processos de participa\u00e7\u00e3o cidad\u00e3 e pol\u00edtica de pessoas das comunidades, destacar o papel de l\u00edderes LGBTI na constru\u00e7\u00e3o de uma sociedade mais inclusiva e igualit\u00e1ria para todos, refor\u00e7ar o trabalho com pessoas aliadas em institui\u00e7\u00f5es, na sociedade civil e no mundo empresarial, al\u00e9m de construir ideias para promover o di\u00e1logo com as institui\u00e7\u00f5es de Estado.<\/p>\n\n\n\n<p>Redes Sociais\/ Thabatta Pimenta<\/p>\n","protected":false},"excerpt":{"rendered":"<p>A \u00fanica vereadora trans do nordeste, Thabatta Pimenta, foi convidada para ser uma das representantes do Brasil no Encontro de Lideran\u00e7as Pol\u00edticas LGBTI das Am\u00e9ricas e do Caribe no M\u00e9xico. A potiguar que foi a segunda mulher progressista mais votada do Rio Grande do Norte para Deputada Federal nas \u00faltimas elei\u00e7\u00f5es, estar\u00e1 no evento que [&hellip;]<\/p>\n","protected":false},"author":2,"featured_media":8044,"comment_status":"open","ping_status":"open","sticky":false,"template":"","format":"standard","meta":{"footnotes":""},"categories":[9,3,4,5,6,7],"tags":[],"class_list":["post-8043","post","type-post","status-publish","format-standard","has-post-thumbnail","hentry","category-9","category-destaque","category-locais","category-noticias","category-podcasts","category-sem-categoria"],"aioseo_notices":[],"_links":{"self":[{"href":"https:\/\/sertaneja95fm.com.br\/sited\/wp-json\/wp\/v2\/posts\/8043","targetHints":{"allow":["GET"]}}],"collection":[{"href":"https:\/\/sertaneja95fm.com.br\/sited\/wp-json\/wp\/v2\/posts"}],"about":[{"href":"https:\/\/sertaneja95fm.com.br\/sited\/wp-json\/wp\/v2\/types\/post"}],"author":[{"embeddable":true,"href":"https:\/\/sertaneja95fm.com.br\/sited\/wp-json\/wp\/v2\/users\/2"}],"replies":[{"embeddable":true,"href":"https:\/\/sertaneja95fm.com.br\/sited\/wp-json\/wp\/v2\/comments?post=8043"}],"version-history":[{"count":0,"href":"https:\/\/sertaneja95fm.com.br\/sited\/wp-json\/wp\/v2\/posts\/8043\/revisions"}],"wp:featuredmedia":[{"embeddable":true,"href":"https:\/\/sertaneja95fm.com.br\/sited\/wp-json\/"}],"wp:attachment":[{"href":"https:\/\/sertaneja95fm.com.br\/sited\/wp-json\/wp\/v2\/media?parent=8043"}],"wp:term":[{"taxonomy":"category","embeddable":true,"href":"https:\/\/sertaneja95fm.com.br\/sited\/wp-json\/wp\/v2\/categories?post=8043"},{"taxonomy":"post_tag","embeddable":true,"href":"https:\/\/sertaneja95fm.com.br\/sited\/wp-json\/wp\/v2\/tags?post=8043"}],"curies":[{"name":"wp","href":"https:\/\/api.w.org\/{rel}","templated":true}]}}