{"id":8047,"date":"2023-05-15T09:46:31","date_gmt":"2023-05-15T12:46:31","guid":{"rendered":"https:\/\/sertaneja95fm.com.br\/?p=8047"},"modified":"2023-05-15T09:46:31","modified_gmt":"2023-05-15T12:46:31","slug":"gilmar-bristrotcenario-e-de-preocupacao-para-2024-com-a-chegada-do-el-nino","status":"publish","type":"post","link":"https:\/\/sertaneja95fm.com.br\/sited\/gilmar-bristrotcenario-e-de-preocupacao-para-2024-com-a-chegada-do-el-nino\/","title":{"rendered":"Gilmar Bristrot:&#8221;Cen\u00e1rio \u00e9 de preocupa\u00e7\u00e3o para 2024 com a chegada do El Nino&#8221;"},"content":{"rendered":"\n<p>O meteorologista da emparn Gilmar Bristrot, fez uma balan\u00e7o das chuvas at\u00e9 abril no RN em entrevista ao jornal 95 segunda edi\u00e7\u00e3o, o chefe de meteorologia considerou positivo em algumas regi\u00f5es e destacou mais um vez o serid\u00f3 com chuvas insuficientes para os seus mananciais.Gilmar, acredita que teremos chuvas nos pr\u00f3ximos dias de maio e junho, por\u00e9m, chama a aten\u00e7\u00e3o dos prefeitos onde os reservat\u00f3rios n\u00e3o tiveram boas recargas, para que fa\u00e7am um planejamento analisando as previs\u00f5es para 2024.<\/p>\n\n\n\n<p>&#8220;Chamamos a aten\u00e7\u00e3o dos prefeitos onde n\u00e3o tivemos boas chuvas e os reservat\u00f3rios est\u00e3o praticamente secos, os que s\u00f3 tem \u00e1gua esse ano, para 2024 j\u00e1 se configura uma El Nino atingindo sua m\u00e1xima, ent\u00e3o provavelmente teremos poucas chuvas e esperamos que seja predominante s\u00f3 no ano que vem&#8221; disse Gilmar.<\/p>\n","protected":false},"excerpt":{"rendered":"<p>O meteorologista da emparn Gilmar Bristrot, fez uma balan\u00e7o das chuvas at\u00e9 abril no RN em entrevista ao jornal 95 segunda edi\u00e7\u00e3o, o chefe de meteorologia considerou positivo em algumas regi\u00f5es e destacou mais um vez o serid\u00f3 com chuvas insuficientes para os seus mananciais.Gilmar, acredita que teremos chuvas nos pr\u00f3ximos dias de maio e [&hellip;]<\/p>\n","protected":false},"author":2,"featured_media":8048,"comment_status":"closed","ping_status":"open","sticky":false,"template":"","format":"standard","meta":{"footnotes":""},"categories":[3,4,5,6,7],"tags":[],"class_list":["post-8047","post","type-post","status-publish","format-standard","has-post-thumbnail","hentry","category-destaque","category-locais","category-noticias","category-podcasts","category-sem-categoria"],"aioseo_notices":[],"_links":{"self":[{"href":"https:\/\/sertaneja95fm.com.br\/sited\/wp-json\/wp\/v2\/posts\/8047","targetHints":{"allow":["GET"]}}],"collection":[{"href":"https:\/\/sertaneja95fm.com.br\/sited\/wp-json\/wp\/v2\/posts"}],"about":[{"href":"https:\/\/sertaneja95fm.com.br\/sited\/wp-json\/wp\/v2\/types\/post"}],"author":[{"embeddable":true,"href":"https:\/\/sertaneja95fm.com.br\/sited\/wp-json\/wp\/v2\/users\/2"}],"replies":[{"embeddable":true,"href":"https:\/\/sertaneja95fm.com.br\/sited\/wp-json\/wp\/v2\/comments?post=8047"}],"version-history":[{"count":0,"href":"https:\/\/sertaneja95fm.com.br\/sited\/wp-json\/wp\/v2\/posts\/8047\/revisions"}],"wp:featuredmedia":[{"embeddable":true,"href":"https:\/\/sertaneja95fm.com.br\/sited\/wp-json\/"}],"wp:attachment":[{"href":"https:\/\/sertaneja95fm.com.br\/sited\/wp-json\/wp\/v2\/media?parent=8047"}],"wp:term":[{"taxonomy":"category","embeddable":true,"href":"https:\/\/sertaneja95fm.com.br\/sited\/wp-json\/wp\/v2\/categories?post=8047"},{"taxonomy":"post_tag","embeddable":true,"href":"https:\/\/sertaneja95fm.com.br\/sited\/wp-json\/wp\/v2\/tags?post=8047"}],"curies":[{"name":"wp","href":"https:\/\/api.w.org\/{rel}","templated":true}]}}