{"id":8052,"date":"2023-05-15T09:57:42","date_gmt":"2023-05-15T12:57:42","guid":{"rendered":"https:\/\/sertaneja95fm.com.br\/?p=8052"},"modified":"2023-05-15T09:57:42","modified_gmt":"2023-05-15T12:57:42","slug":"ministerio-da-justica-prorroga-uso-da-forca-nacional-no-rio-grande-do-norte-entenda-2","status":"publish","type":"post","link":"https:\/\/sertaneja95fm.com.br\/sited\/ministerio-da-justica-prorroga-uso-da-forca-nacional-no-rio-grande-do-norte-entenda-2\/","title":{"rendered":"Minist\u00e9rio da Justi\u00e7a prorroga uso da For\u00e7a Nacional no Rio Grande do Norte. Entenda!"},"content":{"rendered":"\n<p>O&nbsp;Minist\u00e9rio da Justi\u00e7a e Seguran\u00e7a P\u00fablica prorrogou o uso da For\u00e7a Nacional no Rio Grande do Norte. A medida,&nbsp;<a href=\"https:\/\/www.in.gov.br\/web\/dou\/-\/portaria-mjsp-n-333-de-14-de-marco-de-2023-470053286\">publicada no Di\u00e1rio Oficial da Uni\u00e3o (DOU)&nbsp;<\/a>desta segunda-feira (15), corresponde ao per\u00edodo de 30 dias&nbsp;\u2014 autorizando a&nbsp;perman\u00eancia dos agentes at\u00e9 o dia 12 de junho&nbsp;\u2013, e estabelece Natal (RN) como a cidade-sede da opera\u00e7\u00e3o.<\/p>\n\n\n\n<p>Segundo a portaria, a&nbsp;For\u00e7a Nacional continuar\u00e1 atuando em a\u00e7\u00f5es conjuntas e coordenadas com os \u00f3rg\u00e3os de seguran\u00e7a p\u00fablica do estado para preservar a ordem p\u00fablica,&nbsp;bem como a seguran\u00e7a dos moradores e do patrim\u00f4nio p\u00fablico. Toda a opera\u00e7\u00e3o ter\u00e1 apoio log\u00edstico do \u00f3rg\u00e3o demandante, garantindo infraestruturas necess\u00e1rias.<\/p>\n\n\n\n<p>A atua\u00e7\u00e3o da&nbsp;For\u00e7a Nacional no Rio Grande do Norte&nbsp;vem ocorrendo desde meados de&nbsp;mar\u00e7o, quando o ministro da Justi\u00e7a, Fl\u00e1vio Dino, atendeu ao pedido da governadora F\u00e1tima Bezerra (PT). O estado vinha sendo alvo de&nbsp;ataques&nbsp;de uma fac\u00e7\u00e3o criminosa, que provocou inc\u00eandios, depreda\u00e7\u00e3o de pr\u00e9dios p\u00fablicos e troca de tiros.<\/p>\n\n\n\n<p>Apesar do cen\u00e1rio ter se acalmado, as autoridades continuam desenvolvendo medidas para aumentar a seguran\u00e7a no estado. Na \u00faltima semana, por exemplo, F\u00e1tima assinou o primeiro contrato para aquisi\u00e7\u00e3o de novas viaturas policiais.<\/p>\n\n\n\n<p>S\u00e3o 41 ve\u00edculos, entre caminhonetes e SUVs, que totalizam cerca de R$ 11 milh\u00f5es. A compra foi realizada a partir dos recursos do Fundo Nacional de Seguran\u00e7a, destinados ao estado.<\/p>\n\n\n\n<p>SBT News<\/p>\n\n\n\n<p><em>Foto: Marcelo Camargo\/ABr<\/em><\/p>\n","protected":false},"excerpt":{"rendered":"<p>O&nbsp;Minist\u00e9rio da Justi\u00e7a e Seguran\u00e7a P\u00fablica prorrogou o uso da For\u00e7a Nacional no Rio Grande do Norte. A medida,&nbsp;publicada no Di\u00e1rio Oficial da Uni\u00e3o (DOU)&nbsp;desta segunda-feira (15), corresponde ao per\u00edodo de 30 dias&nbsp;\u2014 autorizando a&nbsp;perman\u00eancia dos agentes at\u00e9 o dia 12 de junho&nbsp;\u2013, e estabelece Natal (RN) como a cidade-sede da opera\u00e7\u00e3o. Segundo a portaria, [&hellip;]<\/p>\n","protected":false},"author":2,"featured_media":8053,"comment_status":"closed","ping_status":"open","sticky":false,"template":"","format":"standard","meta":{"footnotes":""},"categories":[3,4,5,6,7],"tags":[],"class_list":["post-8052","post","type-post","status-publish","format-standard","has-post-thumbnail","hentry","category-destaque","category-locais","category-noticias","category-podcasts","category-sem-categoria"],"aioseo_notices":[],"_links":{"self":[{"href":"https:\/\/sertaneja95fm.com.br\/sited\/wp-json\/wp\/v2\/posts\/8052","targetHints":{"allow":["GET"]}}],"collection":[{"href":"https:\/\/sertaneja95fm.com.br\/sited\/wp-json\/wp\/v2\/posts"}],"about":[{"href":"https:\/\/sertaneja95fm.com.br\/sited\/wp-json\/wp\/v2\/types\/post"}],"author":[{"embeddable":true,"href":"https:\/\/sertaneja95fm.com.br\/sited\/wp-json\/wp\/v2\/users\/2"}],"replies":[{"embeddable":true,"href":"https:\/\/sertaneja95fm.com.br\/sited\/wp-json\/wp\/v2\/comments?post=8052"}],"version-history":[{"count":0,"href":"https:\/\/sertaneja95fm.com.br\/sited\/wp-json\/wp\/v2\/posts\/8052\/revisions"}],"wp:featuredmedia":[{"embeddable":true,"href":"https:\/\/sertaneja95fm.com.br\/sited\/wp-json\/"}],"wp:attachment":[{"href":"https:\/\/sertaneja95fm.com.br\/sited\/wp-json\/wp\/v2\/media?parent=8052"}],"wp:term":[{"taxonomy":"category","embeddable":true,"href":"https:\/\/sertaneja95fm.com.br\/sited\/wp-json\/wp\/v2\/categories?post=8052"},{"taxonomy":"post_tag","embeddable":true,"href":"https:\/\/sertaneja95fm.com.br\/sited\/wp-json\/wp\/v2\/tags?post=8052"}],"curies":[{"name":"wp","href":"https:\/\/api.w.org\/{rel}","templated":true}]}}