{"id":8055,"date":"2023-05-15T10:00:07","date_gmt":"2023-05-15T13:00:07","guid":{"rendered":"https:\/\/sertaneja95fm.com.br\/?p=8055"},"modified":"2023-05-15T10:00:07","modified_gmt":"2023-05-15T13:00:07","slug":"currais-novos-divulga-resultado-final-do-processo-seletivo-simplificado-da-prefeitura","status":"publish","type":"post","link":"https:\/\/sertaneja95fm.com.br\/sited\/currais-novos-divulga-resultado-final-do-processo-seletivo-simplificado-da-prefeitura\/","title":{"rendered":"Currais Novos divulga resultado final do Processo Seletivo Simplificado da Prefeitura"},"content":{"rendered":"\n<p>A Funda\u00e7\u00e3o de Apoio \u00e0 Educa\u00e7\u00e3o e ao Desenvolvimento Tecnol\u00f3gico do Rio Grande do Norte \u2013 FUNCERN, banca respons\u00e1vel pela execu\u00e7\u00e3o do certamente em ep\u00edgrafe, vem respeitosamente externar o Resultado Final do Processo Seletivo Simplificado da Prefeitura de Currais Novos\/RN, regido pelo Edital n\u00ba. 001\/2022.<\/p>\n\n\n\n<p>Esclarecendo o ocorrido, no dia 29 de julho de 2022, foi publicada a Nota P\u00fablica de Esclarecimento por parte desta Funda\u00e7\u00e3o, considerando o teor da Notifica\u00e7\u00e3o n\u00ba. 1.020\/2022-DAE, referente ao Processo n\u00ba. 2836\/2022-TC, do Tribunal de Contas do Estado do Rio Grande do Norte (TCE\/RN), por meio do qual restou recomendada a SUSPENS\u00c3O da publica\u00e7\u00e3o do Resultado Final do Processo Seletivo Simplificado.<\/p>\n\n\n\n<p>Finalmente, ap\u00f3s o trabalho de informa\u00e7\u00f5es e documentos realizado pelo munic\u00edpio de Currais Novos\/RN, para fins de saneamento processual junto a Colenda Corte de Contas, a Funda\u00e7\u00e3o de Apoio \u00e0 Educa\u00e7\u00e3o e ao Desenvolvimento Tecnol\u00f3gico do Rio Grande do Norte \u2013 FUNCERN, na presente data (12\/05\/2023), recebeu o Of\u00edcio n\u00ba 192\/2023\/PMCV\/GP expedido pelo Prefeito Municipal de Currais Novos, Senhor Odon Oliveira de Souza J\u00fanior, comunicando a decis\u00e3o do processo n\u00ba 2840\/2029 \u2013 TC \u2013 TCE\/RN, bem como a senten\u00e7a da 1\u00aa Vara da Comarca de Currais Novos\/RN, processo n\u00ba 0801311- 75.2023.8.20.5103, oportunidade em que ambas AUTORIZARAM a continuidade do Processo Seletivo Simplificado n\u00ba 01\/2022.<\/p>\n\n\n\n<p>A FUNCERN se solidariza aos candidatos que se sentiram prejudicados pelo lapso temporal na divulga\u00e7\u00e3o dos resultados, mas reitera o compromisso da Funda\u00e7\u00e3o com as recomenda\u00e7\u00f5es legais estabelecidos pelos \u00f3rg\u00e3os de controle estaduais.<\/p>\n\n\n\n<p>Dessa forma, o resultado final segue divulgado no endere\u00e7o eletr\u00f4nico da Funda\u00e7\u00e3o de Apoio \u00e0 Educa\u00e7\u00e3o e ao Desenvolvimento Tecnol\u00f3gico do Rio Grande do Norte \u2013 FUNCERN e, na oportunidade, ressaltamos que o resultado divulgado ser\u00e1 encaminhado \u00e0 Prefeitura Municipal de Currais Novos, na presente data, para ci\u00eancia e demais provid\u00eancias de sua al\u00e7ada.<\/p>\n\n\n\n<p><\/p>\n","protected":false},"excerpt":{"rendered":"<p>A Funda\u00e7\u00e3o de Apoio \u00e0 Educa\u00e7\u00e3o e ao Desenvolvimento Tecnol\u00f3gico do Rio Grande do Norte \u2013 FUNCERN, banca respons\u00e1vel pela execu\u00e7\u00e3o do certamente em ep\u00edgrafe, vem respeitosamente externar o Resultado Final do Processo Seletivo Simplificado da Prefeitura de Currais Novos\/RN, regido pelo Edital n\u00ba. 001\/2022. Esclarecendo o ocorrido, no dia 29 de julho de 2022, [&hellip;]<\/p>\n","protected":false},"author":2,"featured_media":8056,"comment_status":"closed","ping_status":"open","sticky":false,"template":"","format":"standard","meta":{"footnotes":""},"categories":[3,4,5,6,7],"tags":[],"class_list":["post-8055","post","type-post","status-publish","format-standard","has-post-thumbnail","hentry","category-destaque","category-locais","category-noticias","category-podcasts","category-sem-categoria"],"aioseo_notices":[],"_links":{"self":[{"href":"https:\/\/sertaneja95fm.com.br\/sited\/wp-json\/wp\/v2\/posts\/8055","targetHints":{"allow":["GET"]}}],"collection":[{"href":"https:\/\/sertaneja95fm.com.br\/sited\/wp-json\/wp\/v2\/posts"}],"about":[{"href":"https:\/\/sertaneja95fm.com.br\/sited\/wp-json\/wp\/v2\/types\/post"}],"author":[{"embeddable":true,"href":"https:\/\/sertaneja95fm.com.br\/sited\/wp-json\/wp\/v2\/users\/2"}],"replies":[{"embeddable":true,"href":"https:\/\/sertaneja95fm.com.br\/sited\/wp-json\/wp\/v2\/comments?post=8055"}],"version-history":[{"count":0,"href":"https:\/\/sertaneja95fm.com.br\/sited\/wp-json\/wp\/v2\/posts\/8055\/revisions"}],"wp:featuredmedia":[{"embeddable":true,"href":"https:\/\/sertaneja95fm.com.br\/sited\/wp-json\/"}],"wp:attachment":[{"href":"https:\/\/sertaneja95fm.com.br\/sited\/wp-json\/wp\/v2\/media?parent=8055"}],"wp:term":[{"taxonomy":"category","embeddable":true,"href":"https:\/\/sertaneja95fm.com.br\/sited\/wp-json\/wp\/v2\/categories?post=8055"},{"taxonomy":"post_tag","embeddable":true,"href":"https:\/\/sertaneja95fm.com.br\/sited\/wp-json\/wp\/v2\/tags?post=8055"}],"curies":[{"name":"wp","href":"https:\/\/api.w.org\/{rel}","templated":true}]}}