{"id":8061,"date":"2023-05-22T08:27:33","date_gmt":"2023-05-22T11:27:33","guid":{"rendered":"https:\/\/sertaneja95fm.com.br\/?p=8061"},"modified":"2023-05-22T08:27:33","modified_gmt":"2023-05-22T11:27:33","slug":"apos-leilao-do-aeroporto-de-natal-governo-almeja-novos-voos-para-o-rn","status":"publish","type":"post","link":"https:\/\/sertaneja95fm.com.br\/sited\/apos-leilao-do-aeroporto-de-natal-governo-almeja-novos-voos-para-o-rn\/","title":{"rendered":"Ap\u00f3s leil\u00e3o do Aeroporto de Natal, governo almeja novos voos para o RN"},"content":{"rendered":"\n<p>A governadora F\u00e1tima Bezerra e membros do governo do Rio Grande do Norte celebraram o arremate do Aeroporto de Natal pela Zurich International Airport, em leil\u00e3o nessa sexta-feira (19), pelo valor de R$ 320 milh\u00f5es.<\/p>\n\n\n\n<p>\u201cFicamos imensamente felizes com o arremate pela empresa su\u00ed\u00e7a, Zurich, no nosso principal aeroporto. Tenho certeza que teremos excelentes resultados em capta\u00e7\u00e3o de novas rotas para o Rio Grande do Norte, bem como o protagonismo do nosso destino. Agora \u00e9 trabalhar com a empresa vencedora \u201c, disse a governadora.<\/p>\n\n\n\n<p>\u201cIsso aqui n\u00e3o \u00e9 um equipamento qualquer. Pelo contr\u00e1rio, ele \u00e9 um equipamento fundamental para promover o desenvolvimento econ\u00f4mico do Rio Grande do Norte, fomentar o turismo, n\u00e3o apenas do RN, mas do Nordeste e do Brasil\u201d, completou F\u00e1tima.<\/p>\n\n\n\n<p>Para a secret\u00e1ria de Turismo, Aninha Costa, a chegada da empresa vai abrir a possibilidade de novos voos para o estado.<\/p>\n\n\n\n<p>\u201cCom a Zurich ser\u00e1 poss\u00edvel atrair novas rotas, investimentos e firmar uma parceria com o Governo do Estado, por meio da Secretaria de Turismo (Setur) e a Empresa Potiguar de Promo\u00e7\u00e3o Tur\u00edstica (Emprotur). Ter um concession\u00e1ria aeroportu\u00e1ria forte ;e pe\u00e7a fundamental para o desenvolvimento do turismo e para a economia potiguar\u201d, considerou.<\/p>\n\n\n\n<p>A Fecom\u00e9rcio RN tamb\u00e9m se posicionou. A entidade destacou que o leil\u00e3o \u00e9 o passo inicial para o processo de reposicionamento deste importante equipamento tur\u00edstico para o estado.<\/p>\n\n\n\n<p>\u201cComo principal entidade representante do trade tur\u00edstico potiguar, a Fecom\u00e9rcio RN sempre contribuiu, ativamente, na busca de solu\u00e7\u00f5es para destravamento do processo de relicita\u00e7\u00e3o, tendo em vista o cen\u00e1rio claro da necessidade de novos investimentos para o terminal\u201d, afirmou o presidente da entidade, Marcelo Queiroz.<\/p>\n\n\n\n<p>A Fecom\u00e9rcio entendeu ainda que essa \u00e9 uma pauta fundamental para o desenvolvimento do Rio Grande do Norte como um todo, com potencial para promover novas oportunidades de neg\u00f3cios em diversos segmentos econ\u00f4micos.<\/p>\n\n\n\n<p>\u201cPor sua localiza\u00e7\u00e3o geogr\u00e1fica privilegiada, nosso estado tem um diferencial competitivo excelente. Entendemos que iniciamos uma nova fase de oportunidades, uma vez que a empresa ganhadora do leil\u00e3o possui expertise para explorar todo o potencial deste equipamento. Espera que isso ocorra tanto no transporte de passageiros quanto na movimenta\u00e7\u00e3o de cargas para o Brasil e outros pa\u00edses\u201d, destacou o presidente da Federa\u00e7\u00e3o.<\/p>\n\n\n\n<p>A Federa\u00e7\u00e3o das Ind\u00fastrias do Rio Grande do Norte (Fiern) tamb\u00e9m enfatizou o acordo dessa sexta-feira (19). \u201cDamos as boas-vindas \u00e0 companhia su\u00ed\u00e7a ao nosso estado, que tem muito a oferecer. \u00c9 uma companhia com grande conhecimento e atua\u00e7\u00e3o em opera\u00e7\u00f5es e gest\u00e3o de aeroportos tanto no Brasil e quanto com opera\u00e7\u00f5es internacionais. O que \u00e9 uma vit\u00f3ria importante para o nosso estado, sobretudo por essa chegada acontecer no momento em que o estado se prepara para alavancar as exporta\u00e7\u00f5es e atrair mais divisas\u201d, afirmou o presidente Amaro Sales.<\/p>\n\n\n\n<p><strong>Hist\u00f3rico<\/strong><\/p>\n\n\n\n<p>H\u00e1 dois anos (mar\u00e7o\/2020), a operadora Infram\u00e9rica comunicou a devolu\u00e7\u00e3o da administra\u00e7\u00e3o do aeroporto. Mesmo alegando preju\u00edzos, a empresa reconhece os esfor\u00e7os do Governo do Estado para o crescimento do fluxo de voos e consequente incremento na atividade tur\u00edstica e econ\u00f4mica.<\/p>\n\n\n\n<p>Com a devolu\u00e7\u00e3o pela concession\u00e1ria, o terminal ser\u00e1 novamente leiloado \u00e0 iniciativa privada. Para isso, a Uni\u00e3o precisa fazer um acerto de contas com a operadora Infram\u00e9rica. Em junho de 2021, a Ag\u00eancia Nacional de Avia\u00e7\u00e3o Civil (Anac) aprovou as minutas do edital e do contrato de concess\u00e3o para a relicita\u00e7\u00e3o do aeroporto.<\/p>\n\n\n\n<p>Em 2022, o governo federal publicou resolu\u00e7\u00e3o do Programa de Parcerias de Investimentos (PPI) que define a modalidade e as condi\u00e7\u00f5es para relicita\u00e7\u00e3o. Segundo o documento, o contrato ter\u00e1 validade de 30 anos. A resolu\u00e7\u00e3o publicada no Di\u00e1rio Oficial da Uni\u00e3o prev\u00ea a relicita\u00e7\u00e3o na modalidade de concess\u00e3o comum, com desestatiza\u00e7\u00e3o para explora\u00e7\u00e3o de infraestrutura aeroportu\u00e1ria.<\/p>\n\n\n\n<p><strong>Portal da Tropical<\/strong><\/p>\n","protected":false},"excerpt":{"rendered":"<p>A governadora F\u00e1tima Bezerra e membros do governo do Rio Grande do Norte celebraram o arremate do Aeroporto de Natal pela Zurich International Airport, em leil\u00e3o nessa sexta-feira (19), pelo valor de R$ 320 milh\u00f5es. \u201cFicamos imensamente felizes com o arremate pela empresa su\u00ed\u00e7a, Zurich, no nosso principal aeroporto. Tenho certeza que teremos excelentes resultados [&hellip;]<\/p>\n","protected":false},"author":2,"featured_media":8062,"comment_status":"closed","ping_status":"open","sticky":false,"template":"","format":"standard","meta":{"footnotes":""},"categories":[3,4,5,6,7,8],"tags":[],"class_list":["post-8061","post","type-post","status-publish","format-standard","has-post-thumbnail","hentry","category-destaque","category-locais","category-noticias","category-podcasts","category-sem-categoria","category-ultimas"],"aioseo_notices":[],"_links":{"self":[{"href":"https:\/\/sertaneja95fm.com.br\/sited\/wp-json\/wp\/v2\/posts\/8061","targetHints":{"allow":["GET"]}}],"collection":[{"href":"https:\/\/sertaneja95fm.com.br\/sited\/wp-json\/wp\/v2\/posts"}],"about":[{"href":"https:\/\/sertaneja95fm.com.br\/sited\/wp-json\/wp\/v2\/types\/post"}],"author":[{"embeddable":true,"href":"https:\/\/sertaneja95fm.com.br\/sited\/wp-json\/wp\/v2\/users\/2"}],"replies":[{"embeddable":true,"href":"https:\/\/sertaneja95fm.com.br\/sited\/wp-json\/wp\/v2\/comments?post=8061"}],"version-history":[{"count":0,"href":"https:\/\/sertaneja95fm.com.br\/sited\/wp-json\/wp\/v2\/posts\/8061\/revisions"}],"wp:featuredmedia":[{"embeddable":true,"href":"https:\/\/sertaneja95fm.com.br\/sited\/wp-json\/"}],"wp:attachment":[{"href":"https:\/\/sertaneja95fm.com.br\/sited\/wp-json\/wp\/v2\/media?parent=8061"}],"wp:term":[{"taxonomy":"category","embeddable":true,"href":"https:\/\/sertaneja95fm.com.br\/sited\/wp-json\/wp\/v2\/categories?post=8061"},{"taxonomy":"post_tag","embeddable":true,"href":"https:\/\/sertaneja95fm.com.br\/sited\/wp-json\/wp\/v2\/tags?post=8061"}],"curies":[{"name":"wp","href":"https:\/\/api.w.org\/{rel}","templated":true}]}}