{"id":8178,"date":"2023-06-22T10:15:54","date_gmt":"2023-06-22T13:15:54","guid":{"rendered":"https:\/\/sertaneja95fm.com.br\/?p=8178"},"modified":"2023-06-22T10:15:54","modified_gmt":"2023-06-22T13:15:54","slug":"corregedoria-geral-do-mprn-realiza-audiencia-publica-regional-em-currais-novos","status":"publish","type":"post","link":"https:\/\/sertaneja95fm.com.br\/sited\/corregedoria-geral-do-mprn-realiza-audiencia-publica-regional-em-currais-novos\/","title":{"rendered":"Corregedoria-Geral do MPRN realiza audi\u00eancia p\u00fablica regional em Currais Novos"},"content":{"rendered":"\n<p>Na pr\u00f3xima quarta-feira (28), a Corregedoria-Geral do Minist\u00e9rio P\u00fablico do Rio Grande do Norte (MPRN) realizar\u00e1 uma audi\u00eancia p\u00fablica na regi\u00e3o do Serid\u00f3 envolvendo os munic\u00edpios de Currais Novos, Cerro Cor\u00e1, Lagoa Nova, Acari, Carna\u00faba dos Dantas, Parelhas, Equador, Santana do Serid\u00f3, Flor\u00e2nia, S\u00e3o Vicente, Ten. Laurentino Cruz. O evento acontecer\u00e1 na C\u00e2mara Municipal de Currais Novos, a partir das 9h.<\/p>\n\n\n\n<p>Em um primeiro momento, das 9h \u00e0s 11h, a popula\u00e7\u00e3o e autoridades dessas cidades ter\u00e3o a oportunidade de se encontrar com as equipes da Corregedoria-Geral e da Ouvidoria do MPRN para sugerir melhorias, elogiar e fazer cr\u00edticas sobre a atua\u00e7\u00e3o ministerial onde residem. Em seguida, o 1\u00b0 Procurador de Justi\u00e7a, An\u00edsio Marinho, ir\u00e1 proferir uma palestra com o tema \u201cA reengenharia do MP e os desafios contempor\u00e2neos da institui\u00e7\u00e3o\u201d.<\/p>\n\n\n\n<p>A partir das 11h, ser\u00e1 a vez da Corregedora-Geral do MPRN, Iadya Gama Maio e o Ouvidor-Geral do MPRN, Rodrigo Pessoa de Morais, se reunirem com os promotores de Justi\u00e7a que atuam na regi\u00e3o para avaliar o que os cidad\u00e3os relataram para aprimorar o servi\u00e7o prestado pelo MPRN.<\/p>\n\n\n\n<p>Al\u00e9m da audi\u00eancia, as equipes ministeriais far\u00e3o algumas visitas institucionais em \u00f3rg\u00e3os p\u00fablicos e equipamentos destinados aos cidad\u00e3os.<\/p>\n\n\n\n<p>O endere\u00e7o da C\u00e2mara Municipal de Currais Novos \u00e9 Rua Vivaldo Pereira, 173 \u2013 Centro.<\/p>\n\n\n\n<p>Para outras informa\u00e7\u00f5es, sugest\u00f5es, elogios e cr\u00edticas, o cidad\u00e3o pode entrar em contato com a Corregedoria-Geral pelo (84) 98863-4582 e o e-mail\u00a0cgmp@mprn.mp.br\u00a0e tamb\u00e9m com a Ouvidoria pelo telefone (84) 99994.6057 e pelo e-mail\u00a0sec.ouvidoria@mprn.mp.br.<\/p>\n\n\n\n<p>FOTO: REPRODU\u00c7\u00c3O <\/p>\n","protected":false},"excerpt":{"rendered":"<p>Na pr\u00f3xima quarta-feira (28), a Corregedoria-Geral do Minist\u00e9rio P\u00fablico do Rio Grande do Norte (MPRN) realizar\u00e1 uma audi\u00eancia p\u00fablica na regi\u00e3o do Serid\u00f3 envolvendo os munic\u00edpios de Currais Novos, Cerro Cor\u00e1, Lagoa Nova, Acari, Carna\u00faba dos Dantas, Parelhas, Equador, Santana do Serid\u00f3, Flor\u00e2nia, S\u00e3o Vicente, Ten. Laurentino Cruz. O evento acontecer\u00e1 na C\u00e2mara Municipal de [&hellip;]<\/p>\n","protected":false},"author":2,"featured_media":8179,"comment_status":"closed","ping_status":"open","sticky":false,"template":"","format":"standard","meta":{"footnotes":""},"categories":[9,3,4,5,6,7],"tags":[],"class_list":["post-8178","post","type-post","status-publish","format-standard","has-post-thumbnail","hentry","category-9","category-destaque","category-locais","category-noticias","category-podcasts","category-sem-categoria"],"aioseo_notices":[],"_links":{"self":[{"href":"https:\/\/sertaneja95fm.com.br\/sited\/wp-json\/wp\/v2\/posts\/8178","targetHints":{"allow":["GET"]}}],"collection":[{"href":"https:\/\/sertaneja95fm.com.br\/sited\/wp-json\/wp\/v2\/posts"}],"about":[{"href":"https:\/\/sertaneja95fm.com.br\/sited\/wp-json\/wp\/v2\/types\/post"}],"author":[{"embeddable":true,"href":"https:\/\/sertaneja95fm.com.br\/sited\/wp-json\/wp\/v2\/users\/2"}],"replies":[{"embeddable":true,"href":"https:\/\/sertaneja95fm.com.br\/sited\/wp-json\/wp\/v2\/comments?post=8178"}],"version-history":[{"count":0,"href":"https:\/\/sertaneja95fm.com.br\/sited\/wp-json\/wp\/v2\/posts\/8178\/revisions"}],"wp:featuredmedia":[{"embeddable":true,"href":"https:\/\/sertaneja95fm.com.br\/sited\/wp-json\/"}],"wp:attachment":[{"href":"https:\/\/sertaneja95fm.com.br\/sited\/wp-json\/wp\/v2\/media?parent=8178"}],"wp:term":[{"taxonomy":"category","embeddable":true,"href":"https:\/\/sertaneja95fm.com.br\/sited\/wp-json\/wp\/v2\/categories?post=8178"},{"taxonomy":"post_tag","embeddable":true,"href":"https:\/\/sertaneja95fm.com.br\/sited\/wp-json\/wp\/v2\/tags?post=8178"}],"curies":[{"name":"wp","href":"https:\/\/api.w.org\/{rel}","templated":true}]}}