{"id":8181,"date":"2023-06-22T10:22:34","date_gmt":"2023-06-22T13:22:34","guid":{"rendered":"https:\/\/sertaneja95fm.com.br\/?p=8181"},"modified":"2023-06-22T10:22:34","modified_gmt":"2023-06-22T13:22:34","slug":"foto-divulgacao","status":"publish","type":"post","link":"https:\/\/sertaneja95fm.com.br\/sited\/foto-divulgacao\/","title":{"rendered":"Foto: Divulga\u00e7\u00e3o"},"content":{"rendered":"\n<p>Definidas as datas da eliminat\u00f3ria que vai definir a equipe rebaixada no Campeonato Potiguar 2023. Uma reuni\u00e3o entre representantes da Federa\u00e7\u00e3o Norte-rio-grandense de Futebol (FNF), Alecrim e Globo marcou os duelos para os dias 30 de julho e 6 de agosto.<\/p>\n\n\n\n<p>Por obter o melhor \u00edndice t\u00e9cnico na primeira fase, o Globo far\u00e1 a segunda partida dentro de casa, no Barrett\u00e3o, \u00e0s 15h30, do dia 6 de agosto. A eliminat\u00f3ria ser\u00e1 aberta com mando do Alecrim no dia 30 de julho. O confronto, contudo, ainda n\u00e3o tem local e hor\u00e1rio.<\/p>\n\n\n\n<p>A FNF refor\u00e7ou que, de acordo com a resolu\u00e7\u00e3o 12\/2023, atletas podem ser registrados at\u00e9 o \u00faltimo dia \u00fatil antes da primeira partida da fase.<\/p>\n","protected":false},"excerpt":{"rendered":"<p>Definidas as datas da eliminat\u00f3ria que vai definir a equipe rebaixada no Campeonato Potiguar 2023. Uma reuni\u00e3o entre representantes da Federa\u00e7\u00e3o Norte-rio-grandense de Futebol (FNF), Alecrim e Globo marcou os duelos para os dias 30 de julho e 6 de agosto. Por obter o melhor \u00edndice t\u00e9cnico na primeira fase, o Globo far\u00e1 a segunda [&hellip;]<\/p>\n","protected":false},"author":2,"featured_media":8182,"comment_status":"closed","ping_status":"open","sticky":false,"template":"","format":"standard","meta":{"footnotes":""},"categories":[3,4,5,6,7,8],"tags":[],"class_list":["post-8181","post","type-post","status-publish","format-standard","has-post-thumbnail","hentry","category-destaque","category-locais","category-noticias","category-podcasts","category-sem-categoria","category-ultimas"],"aioseo_notices":[],"_links":{"self":[{"href":"https:\/\/sertaneja95fm.com.br\/sited\/wp-json\/wp\/v2\/posts\/8181","targetHints":{"allow":["GET"]}}],"collection":[{"href":"https:\/\/sertaneja95fm.com.br\/sited\/wp-json\/wp\/v2\/posts"}],"about":[{"href":"https:\/\/sertaneja95fm.com.br\/sited\/wp-json\/wp\/v2\/types\/post"}],"author":[{"embeddable":true,"href":"https:\/\/sertaneja95fm.com.br\/sited\/wp-json\/wp\/v2\/users\/2"}],"replies":[{"embeddable":true,"href":"https:\/\/sertaneja95fm.com.br\/sited\/wp-json\/wp\/v2\/comments?post=8181"}],"version-history":[{"count":0,"href":"https:\/\/sertaneja95fm.com.br\/sited\/wp-json\/wp\/v2\/posts\/8181\/revisions"}],"wp:featuredmedia":[{"embeddable":true,"href":"https:\/\/sertaneja95fm.com.br\/sited\/wp-json\/"}],"wp:attachment":[{"href":"https:\/\/sertaneja95fm.com.br\/sited\/wp-json\/wp\/v2\/media?parent=8181"}],"wp:term":[{"taxonomy":"category","embeddable":true,"href":"https:\/\/sertaneja95fm.com.br\/sited\/wp-json\/wp\/v2\/categories?post=8181"},{"taxonomy":"post_tag","embeddable":true,"href":"https:\/\/sertaneja95fm.com.br\/sited\/wp-json\/wp\/v2\/tags?post=8181"}],"curies":[{"name":"wp","href":"https:\/\/api.w.org\/{rel}","templated":true}]}}