{"id":8455,"date":"2023-10-25T08:39:42","date_gmt":"2023-10-25T11:39:42","guid":{"rendered":"https:\/\/sertaneja95fm.com.br\/?p=8455"},"modified":"2023-10-25T08:39:42","modified_gmt":"2023-10-25T11:39:42","slug":"enem-2023-saiba-como-consultar-o-local-de-prova","status":"publish","type":"post","link":"https:\/\/sertaneja95fm.com.br\/sited\/enem-2023-saiba-como-consultar-o-local-de-prova\/","title":{"rendered":"Enem 2023: Saiba como consultar o local de prova"},"content":{"rendered":"\n<p>O Instituto Nacional de Estudos e Pesquisas Educacionais An\u00edsio Teixeira (Inep) disponibilizou, nesta ter\u00e7a-feira, 24 de outubro, o Cart\u00e3o de Confirma\u00e7\u00e3o de Inscri\u00e7\u00e3o do Exame Nacional do Ensino M\u00e9dio (Enem) 2023. O documento est\u00e1 dispon\u00edvel na&nbsp;<a href=\"https:\/\/enem.inep.gov.br\/participante\/#!\/\"><strong>P\u00e1gina do Participante<\/strong><\/a>&nbsp;e traz, entre outras informa\u00e7\u00f5es, n\u00famero de inscri\u00e7\u00e3o, data, hora e local de prova, al\u00e9m de registrar que o inscrito ter\u00e1 direito a atendimento especializado ou tratamento pelo nome social, se for o caso.<\/p>\n\n\n\n<p>Apesar de n\u00e3o ser obrigat\u00f3rio, o Inep recomenda levar o cart\u00e3o nos dias de exame (5 e 12 de novembro). Confira o passo a passo para acessar e imprimir o Cart\u00e3o de Confirma\u00e7\u00e3o de Inscri\u00e7\u00e3o:<\/p>\n\n\n\n<p>1 \u2013 O inscrito deve acessar a P\u00e1gina do Participante e selecionar o bot\u00e3o \u201cP\u00e1gina do Participante \u2013 Entrar com gov.br\u201d.<br>2- Em seguida, utilize seu login \u00fanico do gov.br e clique em \u201cContinuar\u201d.<br>3 \u2013 J\u00e1 na P\u00e1gina do Participante, \u00e0 esquerda da tela, clique em \u201cLocal de Prova\u201d.<br>4 \u2013 Ap\u00f3s os passos anteriores, clique no \u00edcone em azul, apresentado pelo assistente virtual (Local de Prova).<br>5 \u2013 Pronto! O sistema abrir\u00e1 o Cart\u00e3o de Confirma\u00e7\u00e3o de Inscri\u00e7\u00e3o. Para imprimir, basta descer a tela at\u00e9 o final da p\u00e1gina e clicar no bot\u00e3o \u201cImprimir\u201d.<\/p>\n\n\n\n<p><strong>Enem<\/strong><\/p>\n\n\n\n<p>O Enem avalia o desempenho escolar dos estudantes ao t\u00e9rmino da educa\u00e7\u00e3o b\u00e1sica. Ao longo de mais de duas d\u00e9cadas de exist\u00eancia, tornou-se a principal porta de entrada para a educa\u00e7\u00e3o superior no Brasil, por meio do Sistema de Sele\u00e7\u00e3o Unificada (Sisu) e de iniciativas como o Programa Universidade para Todos (Prouni).<\/p>\n\n\n\n<p>Institui\u00e7\u00f5es de ensino p\u00fablicas e privadas utilizam o Enem para selecionar estudantes. Os resultados s\u00e3o utilizados como crit\u00e9rio \u00fanico ou complementar dos processos seletivos, al\u00e9m de servirem de par\u00e2metro para acesso a aux\u00edlios governamentais, como o proporcionado pelo Fundo de Financiamento Estudantil (Fies).<\/p>\n\n\n\n<p>Os resultados individuais do Enem tamb\u00e9m podem ser aproveitados nos processos seletivos de institui\u00e7\u00f5es portuguesas que possuem conv\u00eanio com o Inep para aceitar as notas do exame. Os acordos garantem acesso facilitado \u00e0s notas dos estudantes brasileiros interessados em cursar a educa\u00e7\u00e3o superior em Portugal.<\/p>\n\n\n\n<p>Exame<\/p>\n","protected":false},"excerpt":{"rendered":"<p>O Instituto Nacional de Estudos e Pesquisas Educacionais An\u00edsio Teixeira (Inep) disponibilizou, nesta ter\u00e7a-feira, 24 de outubro, o Cart\u00e3o de Confirma\u00e7\u00e3o de Inscri\u00e7\u00e3o do Exame Nacional do Ensino M\u00e9dio (Enem) 2023. O documento est\u00e1 dispon\u00edvel na&nbsp;P\u00e1gina do Participante&nbsp;e traz, entre outras informa\u00e7\u00f5es, n\u00famero de inscri\u00e7\u00e3o, data, hora e local de prova, al\u00e9m de registrar que [&hellip;]<\/p>\n","protected":false},"author":2,"featured_media":8456,"comment_status":"open","ping_status":"open","sticky":false,"template":"","format":"standard","meta":{"footnotes":""},"categories":[9,3,4,5,6,7],"tags":[],"class_list":["post-8455","post","type-post","status-publish","format-standard","has-post-thumbnail","hentry","category-9","category-destaque","category-locais","category-noticias","category-podcasts","category-sem-categoria"],"aioseo_notices":[],"_links":{"self":[{"href":"https:\/\/sertaneja95fm.com.br\/sited\/wp-json\/wp\/v2\/posts\/8455","targetHints":{"allow":["GET"]}}],"collection":[{"href":"https:\/\/sertaneja95fm.com.br\/sited\/wp-json\/wp\/v2\/posts"}],"about":[{"href":"https:\/\/sertaneja95fm.com.br\/sited\/wp-json\/wp\/v2\/types\/post"}],"author":[{"embeddable":true,"href":"https:\/\/sertaneja95fm.com.br\/sited\/wp-json\/wp\/v2\/users\/2"}],"replies":[{"embeddable":true,"href":"https:\/\/sertaneja95fm.com.br\/sited\/wp-json\/wp\/v2\/comments?post=8455"}],"version-history":[{"count":1,"href":"https:\/\/sertaneja95fm.com.br\/sited\/wp-json\/wp\/v2\/posts\/8455\/revisions"}],"predecessor-version":[{"id":8457,"href":"https:\/\/sertaneja95fm.com.br\/sited\/wp-json\/wp\/v2\/posts\/8455\/revisions\/8457"}],"wp:featuredmedia":[{"embeddable":true,"href":"https:\/\/sertaneja95fm.com.br\/sited\/wp-json\/wp\/v2\/media\/8456"}],"wp:attachment":[{"href":"https:\/\/sertaneja95fm.com.br\/sited\/wp-json\/wp\/v2\/media?parent=8455"}],"wp:term":[{"taxonomy":"category","embeddable":true,"href":"https:\/\/sertaneja95fm.com.br\/sited\/wp-json\/wp\/v2\/categories?post=8455"},{"taxonomy":"post_tag","embeddable":true,"href":"https:\/\/sertaneja95fm.com.br\/sited\/wp-json\/wp\/v2\/tags?post=8455"}],"curies":[{"name":"wp","href":"https:\/\/api.w.org\/{rel}","templated":true}]}}