{"id":8458,"date":"2023-10-25T08:46:51","date_gmt":"2023-10-25T11:46:51","guid":{"rendered":"https:\/\/sertaneja95fm.com.br\/?p=8458"},"modified":"2023-10-25T08:46:52","modified_gmt":"2023-10-25T11:46:52","slug":"lula-sanciona-lei-para-compensar-estados-e-municipios-por-perdas-no-icms","status":"publish","type":"post","link":"https:\/\/sertaneja95fm.com.br\/sited\/lula-sanciona-lei-para-compensar-estados-e-municipios-por-perdas-no-icms\/","title":{"rendered":"Lula sanciona lei para compensar estados e munic\u00edpios por perdas no ICMS"},"content":{"rendered":"\n<p>O presidente Luiz In\u00e1cio Lula da Silva sancionou uma lei que garante compensa\u00e7\u00e3o a estados e munic\u00edpios pela perda de arrecada\u00e7\u00e3o com o Imposto sobre Circula\u00e7\u00e3o de Mercadorias ou Servi\u00e7os (ICMS).<\/p>\n\n\n\n<p>O ICMS baixou em 2022, uma medida tomada pela gest\u00e3o do ex-presidente Jair Bolsonaro.<\/p>\n\n\n\n<p>Segundo o governo, estados e munic\u00edpios ter\u00e3o a arrecada\u00e7\u00e3o recomposta em R$ 27 bilh\u00f5es. Desse valor,&nbsp;o governo prometeu&nbsp;antecipar o pagamento de R$ 10 bilh\u00f5es, que seriam depositados em 2024, para este ano.<\/p>\n\n\n\n<p>Do total de R$ 10 bilh\u00f5es, R$ 2,5 bi ser\u00e3o destinados exclusivamente \u00e0s cidades e o restante ser\u00e1 repassado para os estados.<\/p>\n\n\n\n<p>Al\u00e9m desse repasse, o governo federal tamb\u00e9m pretende pagar aos munic\u00edpios uma parcela extra do Fundo de Participa\u00e7\u00e3o dos Munic\u00edpios para compensar a queda de arrecada\u00e7\u00e3o dos \u00faltimos tr\u00eas meses. O total de recursos que seriam repassados para as cidades seria de R$ 2,3 bilh\u00f5es.<\/p>\n\n\n\n<p>\u201cVamos aumentar a transfer\u00eancia aos fundos de participa\u00e7\u00e3o de estados e munic\u00edpios para recuperar as perdas de arrecada\u00e7\u00e3o em 2023. Com isso, vamos assegurar que nenhum munic\u00edpio perdera nada de arrecada\u00e7\u00e3o em rela\u00e7\u00e3o a 2022. Isso significa que vamos garantir aos munic\u00edpios a mesma quantidade de dinheiro. Aos estados, vamos garantir a recomposi\u00e7\u00e3o das perdas de arrecada\u00e7\u00e3o dos meses de julho e agosto de 2023\u201d, disse Lula em um v\u00eddeo postado em uma rede social.<\/p>\n\n\n\n<p>g1<\/p>\n","protected":false},"excerpt":{"rendered":"<p>O presidente Luiz In\u00e1cio Lula da Silva sancionou uma lei que garante compensa\u00e7\u00e3o a estados e munic\u00edpios pela perda de arrecada\u00e7\u00e3o com o Imposto sobre Circula\u00e7\u00e3o de Mercadorias ou Servi\u00e7os (ICMS). O ICMS baixou em 2022, uma medida tomada pela gest\u00e3o do ex-presidente Jair Bolsonaro. Segundo o governo, estados e munic\u00edpios ter\u00e3o a arrecada\u00e7\u00e3o recomposta [&hellip;]<\/p>\n","protected":false},"author":2,"featured_media":8459,"comment_status":"open","ping_status":"open","sticky":false,"template":"","format":"standard","meta":{"footnotes":""},"categories":[9,3,4,5,6,7,8],"tags":[],"class_list":["post-8458","post","type-post","status-publish","format-standard","has-post-thumbnail","hentry","category-9","category-destaque","category-locais","category-noticias","category-podcasts","category-sem-categoria","category-ultimas"],"aioseo_notices":[],"_links":{"self":[{"href":"https:\/\/sertaneja95fm.com.br\/sited\/wp-json\/wp\/v2\/posts\/8458","targetHints":{"allow":["GET"]}}],"collection":[{"href":"https:\/\/sertaneja95fm.com.br\/sited\/wp-json\/wp\/v2\/posts"}],"about":[{"href":"https:\/\/sertaneja95fm.com.br\/sited\/wp-json\/wp\/v2\/types\/post"}],"author":[{"embeddable":true,"href":"https:\/\/sertaneja95fm.com.br\/sited\/wp-json\/wp\/v2\/users\/2"}],"replies":[{"embeddable":true,"href":"https:\/\/sertaneja95fm.com.br\/sited\/wp-json\/wp\/v2\/comments?post=8458"}],"version-history":[{"count":1,"href":"https:\/\/sertaneja95fm.com.br\/sited\/wp-json\/wp\/v2\/posts\/8458\/revisions"}],"predecessor-version":[{"id":8460,"href":"https:\/\/sertaneja95fm.com.br\/sited\/wp-json\/wp\/v2\/posts\/8458\/revisions\/8460"}],"wp:featuredmedia":[{"embeddable":true,"href":"https:\/\/sertaneja95fm.com.br\/sited\/wp-json\/wp\/v2\/media\/8459"}],"wp:attachment":[{"href":"https:\/\/sertaneja95fm.com.br\/sited\/wp-json\/wp\/v2\/media?parent=8458"}],"wp:term":[{"taxonomy":"category","embeddable":true,"href":"https:\/\/sertaneja95fm.com.br\/sited\/wp-json\/wp\/v2\/categories?post=8458"},{"taxonomy":"post_tag","embeddable":true,"href":"https:\/\/sertaneja95fm.com.br\/sited\/wp-json\/wp\/v2\/tags?post=8458"}],"curies":[{"name":"wp","href":"https:\/\/api.w.org\/{rel}","templated":true}]}}