{"id":8462,"date":"2023-10-25T08:49:47","date_gmt":"2023-10-25T11:49:47","guid":{"rendered":"https:\/\/sertaneja95fm.com.br\/?p=8462"},"modified":"2023-10-25T08:51:59","modified_gmt":"2023-10-25T11:51:59","slug":"morre-segunda-vitima-de-acidente-envolvendo-micro-onibus-e-carro-em-currais-novos","status":"publish","type":"post","link":"https:\/\/sertaneja95fm.com.br\/sited\/morre-segunda-vitima-de-acidente-envolvendo-micro-onibus-e-carro-em-currais-novos\/","title":{"rendered":"Morre segunda v\u00edtima de acidente envolvendo micro-\u00f4nibus e carro em Currais Novos"},"content":{"rendered":"\n<p><\/p>\n\n\n\n<p>Al\u00e9m da morte de uma mulher e uma outra pessoa ter ficado feriada em uma colis\u00e3o entre um micro-\u00f4nibus e um carro, em Currais Novos, na tarde segunda-feira (23), tamb\u00e9m foi confirmada a morte de um homem que estava no carro. Ele morreu no centro cir\u00fargico do Hospital Regional Mariano Coelho, segundo informa\u00e7\u00f5es do \u00f3rg\u00e3o.<\/p>\n\n\n\n<p>O acidente aconteceu no trecho da BR-226, perto da Mina de Ouro, e segundo informa\u00e7\u00f5es da Pol\u00edcia Rodovi\u00e1ria Federal (PRF), as 12 pessoas que estavam no \u00f4nibus sofreram ferimentos leves. Al\u00e9m da equipe da PRF, Corpo de Bombeiros e o Servi\u00e7o de Atendimento M\u00f3vel de Urg\u00eancia (Samu) foram ao local.<\/p>\n\n\n\n<p>Tamb\u00e9m foi registrado na tarde de segunda um outro acidente em Currais Novos, mas esse aconteceu no Centro da cidade, onde uma uma caminhote e uma moto colidiram. O casal ficou ferido e foram levados para o Walfredo Gurgel em Natal.<\/p>\n\n\n\n<p><em>Foto: Reprodu\u00e7\u00e3o<\/em><\/p>\n","protected":false},"excerpt":{"rendered":"<p>Al\u00e9m da morte de uma mulher e uma outra pessoa ter ficado feriada em uma colis\u00e3o entre um micro-\u00f4nibus e um carro, em Currais Novos, na tarde segunda-feira (23), tamb\u00e9m foi confirmada a morte de um homem que estava no carro. Ele morreu no centro cir\u00fargico do Hospital Regional Mariano Coelho, segundo informa\u00e7\u00f5es do \u00f3rg\u00e3o. [&hellip;]<\/p>\n","protected":false},"author":2,"featured_media":8463,"comment_status":"open","ping_status":"open","sticky":false,"template":"","format":"standard","meta":{"footnotes":""},"categories":[9,3,4,5,6,7,8],"tags":[],"class_list":["post-8462","post","type-post","status-publish","format-standard","has-post-thumbnail","hentry","category-9","category-destaque","category-locais","category-noticias","category-podcasts","category-sem-categoria","category-ultimas"],"aioseo_notices":[],"_links":{"self":[{"href":"https:\/\/sertaneja95fm.com.br\/sited\/wp-json\/wp\/v2\/posts\/8462","targetHints":{"allow":["GET"]}}],"collection":[{"href":"https:\/\/sertaneja95fm.com.br\/sited\/wp-json\/wp\/v2\/posts"}],"about":[{"href":"https:\/\/sertaneja95fm.com.br\/sited\/wp-json\/wp\/v2\/types\/post"}],"author":[{"embeddable":true,"href":"https:\/\/sertaneja95fm.com.br\/sited\/wp-json\/wp\/v2\/users\/2"}],"replies":[{"embeddable":true,"href":"https:\/\/sertaneja95fm.com.br\/sited\/wp-json\/wp\/v2\/comments?post=8462"}],"version-history":[{"count":2,"href":"https:\/\/sertaneja95fm.com.br\/sited\/wp-json\/wp\/v2\/posts\/8462\/revisions"}],"predecessor-version":[{"id":8465,"href":"https:\/\/sertaneja95fm.com.br\/sited\/wp-json\/wp\/v2\/posts\/8462\/revisions\/8465"}],"wp:featuredmedia":[{"embeddable":true,"href":"https:\/\/sertaneja95fm.com.br\/sited\/wp-json\/wp\/v2\/media\/8463"}],"wp:attachment":[{"href":"https:\/\/sertaneja95fm.com.br\/sited\/wp-json\/wp\/v2\/media?parent=8462"}],"wp:term":[{"taxonomy":"category","embeddable":true,"href":"https:\/\/sertaneja95fm.com.br\/sited\/wp-json\/wp\/v2\/categories?post=8462"},{"taxonomy":"post_tag","embeddable":true,"href":"https:\/\/sertaneja95fm.com.br\/sited\/wp-json\/wp\/v2\/tags?post=8462"}],"curies":[{"name":"wp","href":"https:\/\/api.w.org\/{rel}","templated":true}]}}