{"id":8472,"date":"2023-10-26T09:32:33","date_gmt":"2023-10-26T12:32:33","guid":{"rendered":"https:\/\/sertaneja95fm.com.br\/?p=8472"},"modified":"2023-10-26T09:49:22","modified_gmt":"2023-10-26T12:49:22","slug":"currais-novos-3a-conferencia-municipal-de-cultura-discutiu-democracia-e-direito-a-cultura","status":"publish","type":"post","link":"https:\/\/sertaneja95fm.com.br\/sited\/currais-novos-3a-conferencia-municipal-de-cultura-discutiu-democracia-e-direito-a-cultura\/","title":{"rendered":"Currais Novos: 3\u00aa Confer\u00eancia Municipal de Cultura discutiu \u201cdemocracia e direito \u00e0 cultura\u201d"},"content":{"rendered":"\n<p>Pensar, discutir, planejar e construir a pol\u00edtica cultural municipal que atenda todos os setores art\u00edsticos e culturais de Currais Novos \u00e9 um dos objetivos principais da 3\u00aa Confer\u00eancia Municipal de Cultura que aconteceu nesta quarta-feira (25) no CCI com a participa\u00e7\u00e3o de representantes de entidades art\u00edstico-culturais, movimentos culturais, e de \u00f3rg\u00e3os municipais, Estadual e Federal que promovem a pol\u00edtica cultural.<\/p>\n\n\n\n<figure class=\"wp-block-image size-full\"><img loading=\"lazy\" decoding=\"async\" width=\"450\" height=\"303\" src=\"https:\/\/sertaneja95fm.com.br\/sited\/wp-content\/uploads\/2023\/10\/394623033_640320321599770_5466603721676258052_n-2-1-1.jpg\" alt=\"\" class=\"wp-image-8474\" srcset=\"https:\/\/sertaneja95fm.com.br\/sited\/wp-content\/uploads\/2023\/10\/394623033_640320321599770_5466603721676258052_n-2-1-1.jpg 450w, https:\/\/sertaneja95fm.com.br\/sited\/wp-content\/uploads\/2023\/10\/394623033_640320321599770_5466603721676258052_n-2-1-1-300x202.jpg 300w\" sizes=\"auto, (max-width: 450px) 100vw, 450px\" \/><\/figure>\n\n\n\n<p>O tema central da confer\u00eancia tem como meta a promo\u00e7\u00e3o da equidade e garantia do direito constitucional \u00e0 cultura, al\u00e9m de provocar reflex\u00f5es sobre este importante instrumento democr\u00e1tico. \u201cCurrais Novos tem uma grande for\u00e7a cultural e esta plen\u00e1ria bem representativa com os nossos segmentos culturais mostra esta import\u00e2ncia para nossa cidade. Al\u00e9m da inaugura\u00e7\u00e3o do Teatro Municipal, a implanta\u00e7\u00e3o do Solar das Artes, estamos realizando a obra de constru\u00e7\u00e3o da sede da Banda Maestro Santa Rosa e a reforma do Museu Municipal, que ser\u00e1 um marco importante na nossa cidade\u201d, comentou o Prefeito, que destacou tamb\u00e9m que em breve ser\u00e1 realizada a licita\u00e7\u00e3o para a reconstru\u00e7\u00e3o da Biblioteca Municipal \u201cDr. Ant\u00f4nio Othon Filho\u201d, com recursos destinados atrav\u00e9s de emenda da Deputada Federal Nat\u00e1lia Bonavides.<\/p>\n","protected":false},"excerpt":{"rendered":"<p>Pensar, discutir, planejar e construir a pol\u00edtica cultural municipal que atenda todos os setores art\u00edsticos e culturais de Currais Novos \u00e9 um dos objetivos principais da 3\u00aa Confer\u00eancia Municipal de Cultura que aconteceu nesta quarta-feira (25) no CCI com a participa\u00e7\u00e3o de representantes de entidades art\u00edstico-culturais, movimentos culturais, e de \u00f3rg\u00e3os municipais, Estadual e Federal [&hellip;]<\/p>\n","protected":false},"author":2,"featured_media":8476,"comment_status":"open","ping_status":"open","sticky":false,"template":"","format":"standard","meta":{"footnotes":""},"categories":[3,4,5,6,8],"tags":[],"class_list":["post-8472","post","type-post","status-publish","format-standard","has-post-thumbnail","hentry","category-destaque","category-locais","category-noticias","category-podcasts","category-ultimas"],"aioseo_notices":[],"_links":{"self":[{"href":"https:\/\/sertaneja95fm.com.br\/sited\/wp-json\/wp\/v2\/posts\/8472","targetHints":{"allow":["GET"]}}],"collection":[{"href":"https:\/\/sertaneja95fm.com.br\/sited\/wp-json\/wp\/v2\/posts"}],"about":[{"href":"https:\/\/sertaneja95fm.com.br\/sited\/wp-json\/wp\/v2\/types\/post"}],"author":[{"embeddable":true,"href":"https:\/\/sertaneja95fm.com.br\/sited\/wp-json\/wp\/v2\/users\/2"}],"replies":[{"embeddable":true,"href":"https:\/\/sertaneja95fm.com.br\/sited\/wp-json\/wp\/v2\/comments?post=8472"}],"version-history":[{"count":1,"href":"https:\/\/sertaneja95fm.com.br\/sited\/wp-json\/wp\/v2\/posts\/8472\/revisions"}],"predecessor-version":[{"id":8477,"href":"https:\/\/sertaneja95fm.com.br\/sited\/wp-json\/wp\/v2\/posts\/8472\/revisions\/8477"}],"wp:featuredmedia":[{"embeddable":true,"href":"https:\/\/sertaneja95fm.com.br\/sited\/wp-json\/wp\/v2\/media\/8476"}],"wp:attachment":[{"href":"https:\/\/sertaneja95fm.com.br\/sited\/wp-json\/wp\/v2\/media?parent=8472"}],"wp:term":[{"taxonomy":"category","embeddable":true,"href":"https:\/\/sertaneja95fm.com.br\/sited\/wp-json\/wp\/v2\/categories?post=8472"},{"taxonomy":"post_tag","embeddable":true,"href":"https:\/\/sertaneja95fm.com.br\/sited\/wp-json\/wp\/v2\/tags?post=8472"}],"curies":[{"name":"wp","href":"https:\/\/api.w.org\/{rel}","templated":true}]}}