{"id":8483,"date":"2023-10-27T09:02:54","date_gmt":"2023-10-27T12:02:54","guid":{"rendered":"https:\/\/sertaneja95fm.com.br\/?p=8483"},"modified":"2023-10-27T09:02:55","modified_gmt":"2023-10-27T12:02:55","slug":"ministro-dos-transportes-autoriza-a-federalizacao-de-trecho-da-rodovia-226","status":"publish","type":"post","link":"https:\/\/sertaneja95fm.com.br\/sited\/ministro-dos-transportes-autoriza-a-federalizacao-de-trecho-da-rodovia-226\/","title":{"rendered":"Ministro dos Transportes autoriza a federaliza\u00e7\u00e3o de trecho da rodovia 226"},"content":{"rendered":"\n<p>Em audi\u00eancia com a governadora F\u00e1tima Bezerra, o ministro dos Transportes, Renan Filho, assinou Portaria autorizando a federaliza\u00e7\u00e3o de um trecho de 50 km da rodovia 226, entre os munic\u00edpios de Currais Novos, no entroncamento da BR 427, passando por S\u00e3o Vicente e chegando em Flor\u00e2nia, ligando o Serid\u00f3 Oriental ao M\u00e9dio Oeste. A Portaria foi publicada no Di\u00e1rio Oficial da Uni\u00e3o (DOU) nesta quinta-feira (26).<\/p>\n\n\n\n<p>\u201cO ministro dos Transportes, Renan Filho, acaba de assinar a portaria autorizando o DNIT no RN cuidar de um trecho de mais de 50 km da rodovia 226 entre Flor\u00e2nia, S\u00e3o Vicente e Currais Novos, atendendo uma reivindica\u00e7\u00e3o de muito tempo. H\u00e1 mais de 20 anos, desde que eu era deputada federal, lutava pela federaliza\u00e7\u00e3o deste trecho\u201d, comemora a governadora F\u00e1tima Bezerra.&nbsp;<\/p>\n\n\n\n<p>Com a federaliza\u00e7\u00e3o, a rodovia passa a ser novamente de responsabilidade do DNIT.&nbsp;Get\u00falio Batista, superintendente do DNIT, reconhece o empenho da governadora na manuten\u00e7\u00e3o das rodovias federais do Rio Grande do Norte e anuncia que no dia seguinte \u00e0 publica\u00e7\u00e3o no DOU, o \u00f3rg\u00e3o j\u00e1 come\u00e7a a trabalhar no trecho. &nbsp;<\/p>\n\n\n\n<p>\u201cHoje o DNIT \u00e9 um canteiro de obras no RN. S\u00e3o as manuten\u00e7\u00f5es das BR-304, BR-101 Sul, BR-101 Norte, a entrega de 14 km da Reta Tabajara, um pleito antigo da sociedade norte rio-grandense, o viaduto da estaca 30, e agora a pr\u00f3pria BR-226, que j\u00e1 est\u00e1 um tapete e s\u00f3 faltava esse trecho\u201d, conclui. &nbsp;A previs\u00e3o \u00e9 que a obra seja finalizada at\u00e9 o final de dezembro deste ano.&nbsp;<\/p>\n\n\n\n<p>F\u00e1tima Bezerra j\u00e1 havia ido a Bras\u00edlia, ainda em junho deste ano, para tratar da manuten\u00e7\u00e3o de rodovias federais, entre elas a BR-226, BR-405 e BR-406, al\u00e9m da federaliza\u00e7\u00e3o de trechos de rodovias estaduais.<\/p>\n\n\n\n<p>Agora RN&nbsp;<\/p>\n","protected":false},"excerpt":{"rendered":"<p>Em audi\u00eancia com a governadora F\u00e1tima Bezerra, o ministro dos Transportes, Renan Filho, assinou Portaria autorizando a federaliza\u00e7\u00e3o de um trecho de 50 km da rodovia 226, entre os munic\u00edpios de Currais Novos, no entroncamento da BR 427, passando por S\u00e3o Vicente e chegando em Flor\u00e2nia, ligando o Serid\u00f3 Oriental ao M\u00e9dio Oeste. A Portaria [&hellip;]<\/p>\n","protected":false},"author":2,"featured_media":8484,"comment_status":"open","ping_status":"open","sticky":false,"template":"","format":"standard","meta":{"footnotes":""},"categories":[9,3,4,5,6,7,8],"tags":[],"class_list":["post-8483","post","type-post","status-publish","format-standard","has-post-thumbnail","hentry","category-9","category-destaque","category-locais","category-noticias","category-podcasts","category-sem-categoria","category-ultimas"],"aioseo_notices":[],"_links":{"self":[{"href":"https:\/\/sertaneja95fm.com.br\/sited\/wp-json\/wp\/v2\/posts\/8483","targetHints":{"allow":["GET"]}}],"collection":[{"href":"https:\/\/sertaneja95fm.com.br\/sited\/wp-json\/wp\/v2\/posts"}],"about":[{"href":"https:\/\/sertaneja95fm.com.br\/sited\/wp-json\/wp\/v2\/types\/post"}],"author":[{"embeddable":true,"href":"https:\/\/sertaneja95fm.com.br\/sited\/wp-json\/wp\/v2\/users\/2"}],"replies":[{"embeddable":true,"href":"https:\/\/sertaneja95fm.com.br\/sited\/wp-json\/wp\/v2\/comments?post=8483"}],"version-history":[{"count":1,"href":"https:\/\/sertaneja95fm.com.br\/sited\/wp-json\/wp\/v2\/posts\/8483\/revisions"}],"predecessor-version":[{"id":8485,"href":"https:\/\/sertaneja95fm.com.br\/sited\/wp-json\/wp\/v2\/posts\/8483\/revisions\/8485"}],"wp:featuredmedia":[{"embeddable":true,"href":"https:\/\/sertaneja95fm.com.br\/sited\/wp-json\/wp\/v2\/media\/8484"}],"wp:attachment":[{"href":"https:\/\/sertaneja95fm.com.br\/sited\/wp-json\/wp\/v2\/media?parent=8483"}],"wp:term":[{"taxonomy":"category","embeddable":true,"href":"https:\/\/sertaneja95fm.com.br\/sited\/wp-json\/wp\/v2\/categories?post=8483"},{"taxonomy":"post_tag","embeddable":true,"href":"https:\/\/sertaneja95fm.com.br\/sited\/wp-json\/wp\/v2\/tags?post=8483"}],"curies":[{"name":"wp","href":"https:\/\/api.w.org\/{rel}","templated":true}]}}