{"id":8491,"date":"2023-10-27T09:05:14","date_gmt":"2023-10-27T12:05:14","guid":{"rendered":"https:\/\/sertaneja95fm.com.br\/?p=8491"},"modified":"2023-10-27T09:05:14","modified_gmt":"2023-10-27T12:05:14","slug":"ufrn-ofertara-7-186-vagas-para-graduacao-no-sisu-2024-currais-novos-esta-na-lista-confira","status":"publish","type":"post","link":"https:\/\/sertaneja95fm.com.br\/sited\/ufrn-ofertara-7-186-vagas-para-graduacao-no-sisu-2024-currais-novos-esta-na-lista-confira\/","title":{"rendered":"UFRN ofertar\u00e1 7.186 vagas para gradua\u00e7\u00e3o no Sisu 2024. Currais Novos est\u00e1 na lista, confira!"},"content":{"rendered":"\n<p>O Conselho de Ensino, Pesquisa e Extens\u00e3o (Consepe) da Universidade Federal do Rio Grande do Norte (UFRN) aprovou, por unanimidade, os quadros de vagas para ingresso em 2024 na gradua\u00e7\u00e3o presencial e a dist\u00e2ncia. De acordo com a decis\u00e3o, a institui\u00e7\u00e3o ir\u00e1 ofertar 7.186 vagas via Sistema de Sele\u00e7\u00e3o Unificada (Sisu), distribu\u00eddas em 4.902 para o primeiro semestre e 2.284 para o segundo semestre.<\/p>\n\n\n\n<p>Em compara\u00e7\u00e3o a 2023, o n\u00famero teve um acr\u00e9scimo de 50 vagas. A diferen\u00e7a existe devido a cria\u00e7\u00e3o do novo curso de Rela\u00e7\u00f5es Internacionais, que est\u00e1 vinculado ao Centro de Ci\u00eancias Sociais Aplicadas (CCSA).<\/p>\n\n\n\n<p>Al\u00e9m disso, a UFRN informou que os conselheiros tamb\u00e9m decidiram flexibilizar as notas m\u00ednimas exigidas no Sisu, excepcionalmente na edi\u00e7\u00e3o 2024, em decorr\u00eancia dos impactos da pandemia da covid-19, aos estudantes que \u201ctiveram o processo de aprendizagem comprometido em raz\u00e3o da dificuldade de acesso ao ensino remoto\u201d.<\/p>\n\n\n\n<p>No total, ser\u00e3o ofertadas 7.804 vagas de gradua\u00e7\u00e3o presencial, que incluem 166 vagas para gradua\u00e7\u00f5es com Processo Seletivo Espec\u00edfico (PSE); 444 vagas para reingresso de segundo ciclo e oito vagas para mobilidade interna. A oferta de vagas do Programa de Estudantes de Conv\u00eanio (PEC-G) foi aprovada em resolu\u00e7\u00e3o pr\u00f3pria, tendo em vista as datas do calend\u00e1rio disponibilizado pelo Minist\u00e9rio das Rela\u00e7\u00f5es Exteriores (MRE).<\/p>\n\n\n\n<p>Al\u00e9m dessas, a UFRN ofertar\u00e1 300 vagas para os cursos a dist\u00e2ncia de licenciatura em Hist\u00f3ria e Pedagogia, remanescentes de edital da Coordena\u00e7\u00e3o de Aperfei\u00e7oamento de Pessoal de N\u00edvel Superior (Capes). As vagas ser\u00e3o distribu\u00eddas igualmente entre os dois cursos e divididas entre demanda social e para professores da rede. O curso de Hist\u00f3ria contemplar\u00e1 30 vagas para cada polo de apoio presencial, nos munic\u00edpios de Cara\u00fabas, Currais Novos, Lajes, Lu\u00eds Gomes e Maca\u00edba. A licenciatura em Pedagogia tamb\u00e9m contemplar\u00e1 30 vagas para cada polo de apoio presencial, nas cidades de Guamar\u00e9, Maca\u00edba, Marcelino Vieira, Martins e Nova Cruz.<\/p>\n\n\n\n<p>Tribuna do Norte<\/p>\n\n\n\n<p>Foto: C\u00edcero Oliveira<\/p>\n","protected":false},"excerpt":{"rendered":"<p>O Conselho de Ensino, Pesquisa e Extens\u00e3o (Consepe) da Universidade Federal do Rio Grande do Norte (UFRN) aprovou, por unanimidade, os quadros de vagas para ingresso em 2024 na gradua\u00e7\u00e3o presencial e a dist\u00e2ncia. De acordo com a decis\u00e3o, a institui\u00e7\u00e3o ir\u00e1 ofertar 7.186 vagas via Sistema de Sele\u00e7\u00e3o Unificada (Sisu), distribu\u00eddas em 4.902 para [&hellip;]<\/p>\n","protected":false},"author":2,"featured_media":8492,"comment_status":"open","ping_status":"open","sticky":false,"template":"","format":"standard","meta":{"footnotes":""},"categories":[9,3,4,5,6,7,8],"tags":[],"class_list":["post-8491","post","type-post","status-publish","format-standard","has-post-thumbnail","hentry","category-9","category-destaque","category-locais","category-noticias","category-podcasts","category-sem-categoria","category-ultimas"],"aioseo_notices":[],"_links":{"self":[{"href":"https:\/\/sertaneja95fm.com.br\/sited\/wp-json\/wp\/v2\/posts\/8491","targetHints":{"allow":["GET"]}}],"collection":[{"href":"https:\/\/sertaneja95fm.com.br\/sited\/wp-json\/wp\/v2\/posts"}],"about":[{"href":"https:\/\/sertaneja95fm.com.br\/sited\/wp-json\/wp\/v2\/types\/post"}],"author":[{"embeddable":true,"href":"https:\/\/sertaneja95fm.com.br\/sited\/wp-json\/wp\/v2\/users\/2"}],"replies":[{"embeddable":true,"href":"https:\/\/sertaneja95fm.com.br\/sited\/wp-json\/wp\/v2\/comments?post=8491"}],"version-history":[{"count":1,"href":"https:\/\/sertaneja95fm.com.br\/sited\/wp-json\/wp\/v2\/posts\/8491\/revisions"}],"predecessor-version":[{"id":8493,"href":"https:\/\/sertaneja95fm.com.br\/sited\/wp-json\/wp\/v2\/posts\/8491\/revisions\/8493"}],"wp:featuredmedia":[{"embeddable":true,"href":"https:\/\/sertaneja95fm.com.br\/sited\/wp-json\/wp\/v2\/media\/8492"}],"wp:attachment":[{"href":"https:\/\/sertaneja95fm.com.br\/sited\/wp-json\/wp\/v2\/media?parent=8491"}],"wp:term":[{"taxonomy":"category","embeddable":true,"href":"https:\/\/sertaneja95fm.com.br\/sited\/wp-json\/wp\/v2\/categories?post=8491"},{"taxonomy":"post_tag","embeddable":true,"href":"https:\/\/sertaneja95fm.com.br\/sited\/wp-json\/wp\/v2\/tags?post=8491"}],"curies":[{"name":"wp","href":"https:\/\/api.w.org\/{rel}","templated":true}]}}