{"id":8508,"date":"2023-10-31T09:24:27","date_gmt":"2023-10-31T12:24:27","guid":{"rendered":"https:\/\/sertaneja95fm.com.br\/?p=8508"},"modified":"2023-10-31T09:25:35","modified_gmt":"2023-10-31T12:25:35","slug":"currais-rock-2023-anunciou-programacao-completa-na-ultima-sexta-27","status":"publish","type":"post","link":"https:\/\/sertaneja95fm.com.br\/sited\/currais-rock-2023-anunciou-programacao-completa-na-ultima-sexta-27\/","title":{"rendered":"Currais Rock 2023 anunciou programa\u00e7\u00e3o completa na \u00faltima sexta (27)"},"content":{"rendered":"\n<p>Em uma noite repleta de rock \u2018n roll e de muita divers\u00e3o, durante o Halloween da XP Tabuleiria, em Currais Novos, a organiza\u00e7\u00e3o do Currais Rock fez a divulga\u00e7\u00e3o da programa\u00e7\u00e3o completa do evento deste ano, que vai contar com um total de doze shows divididos em dois palcos. A festa a fantasia que foi palco do an\u00fancio estava repleta de gente fantasiada e todos comemoraram bastante as novidades sobre o festival desse ano.<\/p>\n\n\n\n<p>\u201c\u00c9 com uma alegria imensa que entregamos essa programa\u00e7\u00e3o completa para voc\u00eas, pensamos em fazer um retorno em grande estilo do evento desse ano e com muito esfor\u00e7o e dedica\u00e7\u00e3o vamos entregar isso a voc\u00eas\u201d, afirmou Fahad Mohammed, da Aljarboua Produ\u00e7\u00f5es, a organizadora do evento.<\/p>\n\n\n\n<p>A programa\u00e7\u00e3o completa ficou assim:<\/p>\n\n\n\n<p>Palco Principal:<br>Mobydick<br>Rittornellos<br>Sert\u00e3o Sangrento<br>Motor de Opala<br>New Fight<br>Z\u00e9 Ningu\u00e9m<br>Sete de Espadas<\/p>\n\n\n\n<p>Pocket-shows:<br>Wescley Gama<br>Rilliam Costa<br>Hery e Rodrigo<br>Felipe Carlos<br>Noite Casual<\/p>\n\n\n\n<p>O Currais Rock 2023 acontecer\u00e1 no dia 23 de Dezembro, em Currais Novos, e \u00e9 uma realiza\u00e7\u00e3o da Aljarboua Produ\u00e7\u00f5es.<\/p>\n\n\n\n<p><\/p>\n","protected":false},"excerpt":{"rendered":"<p>Em uma noite repleta de rock \u2018n roll e de muita divers\u00e3o, durante o Halloween da XP Tabuleiria, em Currais Novos, a organiza\u00e7\u00e3o do Currais Rock fez a divulga\u00e7\u00e3o da programa\u00e7\u00e3o completa do evento deste ano, que vai contar com um total de doze shows divididos em dois palcos. A festa a fantasia que foi [&hellip;]<\/p>\n","protected":false},"author":2,"featured_media":8510,"comment_status":"open","ping_status":"open","sticky":false,"template":"","format":"standard","meta":{"footnotes":""},"categories":[9,3,4,5,6,7,8],"tags":[],"class_list":["post-8508","post","type-post","status-publish","format-standard","has-post-thumbnail","hentry","category-9","category-destaque","category-locais","category-noticias","category-podcasts","category-sem-categoria","category-ultimas"],"aioseo_notices":[],"_links":{"self":[{"href":"https:\/\/sertaneja95fm.com.br\/sited\/wp-json\/wp\/v2\/posts\/8508","targetHints":{"allow":["GET"]}}],"collection":[{"href":"https:\/\/sertaneja95fm.com.br\/sited\/wp-json\/wp\/v2\/posts"}],"about":[{"href":"https:\/\/sertaneja95fm.com.br\/sited\/wp-json\/wp\/v2\/types\/post"}],"author":[{"embeddable":true,"href":"https:\/\/sertaneja95fm.com.br\/sited\/wp-json\/wp\/v2\/users\/2"}],"replies":[{"embeddable":true,"href":"https:\/\/sertaneja95fm.com.br\/sited\/wp-json\/wp\/v2\/comments?post=8508"}],"version-history":[{"count":1,"href":"https:\/\/sertaneja95fm.com.br\/sited\/wp-json\/wp\/v2\/posts\/8508\/revisions"}],"predecessor-version":[{"id":8509,"href":"https:\/\/sertaneja95fm.com.br\/sited\/wp-json\/wp\/v2\/posts\/8508\/revisions\/8509"}],"wp:featuredmedia":[{"embeddable":true,"href":"https:\/\/sertaneja95fm.com.br\/sited\/wp-json\/wp\/v2\/media\/8510"}],"wp:attachment":[{"href":"https:\/\/sertaneja95fm.com.br\/sited\/wp-json\/wp\/v2\/media?parent=8508"}],"wp:term":[{"taxonomy":"category","embeddable":true,"href":"https:\/\/sertaneja95fm.com.br\/sited\/wp-json\/wp\/v2\/categories?post=8508"},{"taxonomy":"post_tag","embeddable":true,"href":"https:\/\/sertaneja95fm.com.br\/sited\/wp-json\/wp\/v2\/tags?post=8508"}],"curies":[{"name":"wp","href":"https:\/\/api.w.org\/{rel}","templated":true}]}}