{"id":8524,"date":"2023-11-06T10:59:31","date_gmt":"2023-11-06T13:59:31","guid":{"rendered":"https:\/\/sertaneja95fm.com.br\/?p=8524"},"modified":"2023-11-06T10:59:32","modified_gmt":"2023-11-06T13:59:32","slug":"apadevi-promove-oficina-de-audiodescricao","status":"publish","type":"post","link":"https:\/\/sertaneja95fm.com.br\/sited\/apadevi-promove-oficina-de-audiodescricao\/","title":{"rendered":"APADEVI promove Oficina de Audiodescri\u00e7\u00e3o"},"content":{"rendered":"\n<p>A APADEVI convida professores, profissionais da sa\u00fade, do com\u00e9rcio e amigos e familiares de pessoas com defici\u00eancia visual para participar da nossa Oficina de Audiodescri\u00e7\u00e3o, que come\u00e7a em 08\/11\/2023, quarta-feira, das 19h \u00e0s 22h, em sua sede na Rua Teot\u00f4nio Freire, 1498, Bairro Dr. Jos\u00e9 Bezerra de Ara\u00fajo.<\/p>\n\n\n\n<p>Juntos, vamos aprender a narrar o mundo para todos. Venha fazer parte dessa jornada pela inclus\u00e3o!<\/p>\n\n\n\n<p><\/p>\n","protected":false},"excerpt":{"rendered":"<p>A APADEVI convida professores, profissionais da sa\u00fade, do com\u00e9rcio e amigos e familiares de pessoas com defici\u00eancia visual para participar da nossa Oficina de Audiodescri\u00e7\u00e3o, que come\u00e7a em 08\/11\/2023, quarta-feira, das 19h \u00e0s 22h, em sua sede na Rua Teot\u00f4nio Freire, 1498, Bairro Dr. Jos\u00e9 Bezerra de Ara\u00fajo. Juntos, vamos aprender a narrar o mundo [&hellip;]<\/p>\n","protected":false},"author":2,"featured_media":8525,"comment_status":"open","ping_status":"open","sticky":false,"template":"","format":"standard","meta":{"footnotes":""},"categories":[3,4,5,6,7,8],"tags":[],"class_list":["post-8524","post","type-post","status-publish","format-standard","has-post-thumbnail","hentry","category-destaque","category-locais","category-noticias","category-podcasts","category-sem-categoria","category-ultimas"],"aioseo_notices":[],"_links":{"self":[{"href":"https:\/\/sertaneja95fm.com.br\/sited\/wp-json\/wp\/v2\/posts\/8524","targetHints":{"allow":["GET"]}}],"collection":[{"href":"https:\/\/sertaneja95fm.com.br\/sited\/wp-json\/wp\/v2\/posts"}],"about":[{"href":"https:\/\/sertaneja95fm.com.br\/sited\/wp-json\/wp\/v2\/types\/post"}],"author":[{"embeddable":true,"href":"https:\/\/sertaneja95fm.com.br\/sited\/wp-json\/wp\/v2\/users\/2"}],"replies":[{"embeddable":true,"href":"https:\/\/sertaneja95fm.com.br\/sited\/wp-json\/wp\/v2\/comments?post=8524"}],"version-history":[{"count":1,"href":"https:\/\/sertaneja95fm.com.br\/sited\/wp-json\/wp\/v2\/posts\/8524\/revisions"}],"predecessor-version":[{"id":8526,"href":"https:\/\/sertaneja95fm.com.br\/sited\/wp-json\/wp\/v2\/posts\/8524\/revisions\/8526"}],"wp:featuredmedia":[{"embeddable":true,"href":"https:\/\/sertaneja95fm.com.br\/sited\/wp-json\/wp\/v2\/media\/8525"}],"wp:attachment":[{"href":"https:\/\/sertaneja95fm.com.br\/sited\/wp-json\/wp\/v2\/media?parent=8524"}],"wp:term":[{"taxonomy":"category","embeddable":true,"href":"https:\/\/sertaneja95fm.com.br\/sited\/wp-json\/wp\/v2\/categories?post=8524"},{"taxonomy":"post_tag","embeddable":true,"href":"https:\/\/sertaneja95fm.com.br\/sited\/wp-json\/wp\/v2\/tags?post=8524"}],"curies":[{"name":"wp","href":"https:\/\/api.w.org\/{rel}","templated":true}]}}