{"id":8544,"date":"2023-11-09T08:51:43","date_gmt":"2023-11-09T11:51:43","guid":{"rendered":"https:\/\/sertaneja95fm.com.br\/?p=8544"},"modified":"2023-11-09T08:51:43","modified_gmt":"2023-11-09T11:51:43","slug":"feira-mulheres-do-serido-marcara-presenca-na-1a-feira-potiguar-de-agricultura-familiar-e-economia-solidaria","status":"publish","type":"post","link":"https:\/\/sertaneja95fm.com.br\/sited\/feira-mulheres-do-serido-marcara-presenca-na-1a-feira-potiguar-de-agricultura-familiar-e-economia-solidaria\/","title":{"rendered":"Feira Mulheres do Serid\u00f3 marcar\u00e1 Presen\u00e7a na 1\u00aa Feira Potiguar de Agricultura Familiar e Economia Solid\u00e1ria"},"content":{"rendered":"\n<p>Entre os dias 30\/11 a 03\/12, a capital do RN ser\u00e1 palco de um evento in\u00e9dito: a 1\u00aa Feira Potiguar da Agricultura Familiar e Economia Solid\u00e1ria. Essa iniciativa pretende reunir o melhor da produ\u00e7\u00e3o regional, e um dos destaques ser\u00e1 a participa\u00e7\u00e3o da Feira Mulheres do Serid\u00f3, projeto idealizado e liderado pela Vereadora Rayssa.<\/p>\n\n\n\n<p>A Feira Mulheres do Serid\u00f3 ser\u00e1 uma das protagonistas nesse evento que promete unir e fortalecer a produ\u00e7\u00e3o da agricultura familiar e a economia solid\u00e1ria do RN. A sua presen\u00e7a representa a for\u00e7a e a diversidade do trabalho das mulheres da regi\u00e3o do Serid\u00f3, um espa\u00e7o onde tradi\u00e7\u00e3o, cultura e empreendedorismo se entrela\u00e7am.<\/p>\n\n\n\n<p>Na Feira Potiguar da Agricultura Familiar e Economia Solid\u00e1ria, a presen\u00e7a da Feira Mulheres do Serid\u00f3 ser\u00e1 de extrema import\u00e2ncia, uma oportunidade \u00fanica para essas mulheres mostrarem seus produtos, t\u00e9cnicas tradicionais e talentos. Promovendo, al\u00e9m da economia solid\u00e1ria, a valoriza\u00e7\u00e3o do valioso trabalho realizado por essas mulheres na agricultura familiar, no artesanato e na economia local, fortalecendo a gera\u00e7\u00e3o de renda e enaltecendo a identidade cultural da regi\u00e3o.<\/p>\n\n\n\n<p>A Vereadora Rayssa, como idealizadora desse projeto, destaca a satisfa\u00e7\u00e3o em ver a Feira Mulheres do Serid\u00f3 sendo reconhecida e espera que essa participa\u00e7\u00e3o possa incentivar ainda mais o potencial das mulheres na regi\u00e3o do Serid\u00f3 e, assim, fortalecer cada vez mais a autonomia econ\u00f4mica delas.<\/p>\n\n\n\n<p><\/p>\n","protected":false},"excerpt":{"rendered":"<p>Entre os dias 30\/11 a 03\/12, a capital do RN ser\u00e1 palco de um evento in\u00e9dito: a 1\u00aa Feira Potiguar da Agricultura Familiar e Economia Solid\u00e1ria. Essa iniciativa pretende reunir o melhor da produ\u00e7\u00e3o regional, e um dos destaques ser\u00e1 a participa\u00e7\u00e3o da Feira Mulheres do Serid\u00f3, projeto idealizado e liderado pela Vereadora Rayssa. A [&hellip;]<\/p>\n","protected":false},"author":2,"featured_media":8545,"comment_status":"open","ping_status":"open","sticky":false,"template":"","format":"standard","meta":{"footnotes":""},"categories":[9,3,4,5,6,7,8],"tags":[],"class_list":["post-8544","post","type-post","status-publish","format-standard","has-post-thumbnail","hentry","category-9","category-destaque","category-locais","category-noticias","category-podcasts","category-sem-categoria","category-ultimas"],"aioseo_notices":[],"_links":{"self":[{"href":"https:\/\/sertaneja95fm.com.br\/sited\/wp-json\/wp\/v2\/posts\/8544","targetHints":{"allow":["GET"]}}],"collection":[{"href":"https:\/\/sertaneja95fm.com.br\/sited\/wp-json\/wp\/v2\/posts"}],"about":[{"href":"https:\/\/sertaneja95fm.com.br\/sited\/wp-json\/wp\/v2\/types\/post"}],"author":[{"embeddable":true,"href":"https:\/\/sertaneja95fm.com.br\/sited\/wp-json\/wp\/v2\/users\/2"}],"replies":[{"embeddable":true,"href":"https:\/\/sertaneja95fm.com.br\/sited\/wp-json\/wp\/v2\/comments?post=8544"}],"version-history":[{"count":1,"href":"https:\/\/sertaneja95fm.com.br\/sited\/wp-json\/wp\/v2\/posts\/8544\/revisions"}],"predecessor-version":[{"id":8546,"href":"https:\/\/sertaneja95fm.com.br\/sited\/wp-json\/wp\/v2\/posts\/8544\/revisions\/8546"}],"wp:featuredmedia":[{"embeddable":true,"href":"https:\/\/sertaneja95fm.com.br\/sited\/wp-json\/wp\/v2\/media\/8545"}],"wp:attachment":[{"href":"https:\/\/sertaneja95fm.com.br\/sited\/wp-json\/wp\/v2\/media?parent=8544"}],"wp:term":[{"taxonomy":"category","embeddable":true,"href":"https:\/\/sertaneja95fm.com.br\/sited\/wp-json\/wp\/v2\/categories?post=8544"},{"taxonomy":"post_tag","embeddable":true,"href":"https:\/\/sertaneja95fm.com.br\/sited\/wp-json\/wp\/v2\/tags?post=8544"}],"curies":[{"name":"wp","href":"https:\/\/api.w.org\/{rel}","templated":true}]}}