{"id":8547,"date":"2023-11-09T08:53:44","date_gmt":"2023-11-09T11:53:44","guid":{"rendered":"https:\/\/sertaneja95fm.com.br\/?p=8547"},"modified":"2023-11-09T09:18:17","modified_gmt":"2023-11-09T12:18:17","slug":"xand-aviao-lamenta-morte-de-cantor-e-compositor-ze-sanfoneiro-uma-das-vozes-mais-potentes-do-forro","status":"publish","type":"post","link":"https:\/\/sertaneja95fm.com.br\/sited\/xand-aviao-lamenta-morte-de-cantor-e-compositor-ze-sanfoneiro-uma-das-vozes-mais-potentes-do-forro\/","title":{"rendered":"Xand Avi\u00e3o lamenta morte de cantor e compositor Z\u00e9 Sanfoneiro: \u2018Uma das vozes mais potentes do forr\u00f3\u2019"},"content":{"rendered":"\n<p>O cantor de forr\u00f3 Xand Avi\u00e3o lamentou, atrav\u00e9s de suas redes sociais, a morte do cantor e compositor Z\u00e9 Sanfoneiro nesta quarta-feira (8) em Natal. Ele publicou uma foto ao lado do colega de profiss\u00e3o e escreveu: \u201cPerdemos uma das vozes mais potentes do nosso forr\u00f3. Meus sentimentos a todos os familiares do grande Z\u00e9 Sanfoneiro\u201d.<\/p>\n\n\n\n<p>Al\u00e9m de Xand Avi\u00e3o, outros artistas prestaram homenagens a Z\u00e9 Sanfoneiro nas redes sociais.<\/p>\n\n\n\n<p>\u201cQue not\u00edcia triste. A m\u00fasica potiguar est\u00e1 de luto\u201d, disse o cantor Zezo Potiguar em um v\u00eddeo.<\/p>\n\n\n\n<p>\u201cQue Deus te receba de bra\u00e7os abertos. Que not\u00edcia triste. At\u00e9 esses dias a gente dividiu o palco juntos. Foi uma honra cantar com esse grande \u00edcone da m\u00fasica, agora vai cantar juntinho de Deus\u201d, escreveu a dupla Iguinho e Lulinha.<\/p>\n\n\n\n<p>Z\u00e9 Filho Sanfoneiro, que segue os passos do pai na m\u00fasica, publicou uma foto dos dois com a frase: \u201cEu te amarei para sempre\u201d.<\/p>\n\n\n\n<p><strong>A morte<\/strong><br>Z\u00e9 Sanfoneiro morreu aos 62 anos no in\u00edcio da tarde desta quarta-feira. De acordo com o irm\u00e3o do artista, ele n\u00e3o resistiu \u00e0s complica\u00e7\u00f5es de uma cirurgia para retirada de um c\u00e2ncer.<\/p>\n\n\n\n<p>Nascido na cidade de Angicos, no interior do Rio Grande do Norte, Jos\u00e9 Batista Sobrinho, o Z\u00e9 Sanfoneiro estava internado em um hospital de Natal para intensificar seu tratamento contra a doen\u00e7a.<\/p>\n\n\n\n<p>Segundo a fam\u00edlia, ele teria submetido a duas cirurgias para a retirada de um tumor na cabe\u00e7a. Em seguida, foi descoberto um novo tumor, dessa vez nos rins. No procedimento de remo\u00e7\u00e3o, realizado nesta ter\u00e7a-feira (7), ele teve complica\u00e7\u00f5es e n\u00e3o resistiu.<\/p>\n\n\n\n<p><a href=\"https:\/\/g1.globo.com\/rn\/rio-grande-do-norte\/noticia\/2023\/11\/08\/xand-aviao-lamenta-morte-de-cantor-e-compositor-ze-sanfoneiro-uma-das-vozes-mais-potentes-do-forro.ghtml\">G1 RN<\/a><\/p>\n","protected":false},"excerpt":{"rendered":"<p>O cantor de forr\u00f3 Xand Avi\u00e3o lamentou, atrav\u00e9s de suas redes sociais, a morte do cantor e compositor Z\u00e9 Sanfoneiro nesta quarta-feira (8) em Natal. Ele publicou uma foto ao lado do colega de profiss\u00e3o e escreveu: \u201cPerdemos uma das vozes mais potentes do nosso forr\u00f3. Meus sentimentos a todos os familiares do grande Z\u00e9 [&hellip;]<\/p>\n","protected":false},"author":2,"featured_media":8550,"comment_status":"open","ping_status":"open","sticky":false,"template":"","format":"standard","meta":{"footnotes":""},"categories":[9,3,4,5],"tags":[],"class_list":["post-8547","post","type-post","status-publish","format-standard","has-post-thumbnail","hentry","category-9","category-destaque","category-locais","category-noticias"],"aioseo_notices":[],"_links":{"self":[{"href":"https:\/\/sertaneja95fm.com.br\/sited\/wp-json\/wp\/v2\/posts\/8547","targetHints":{"allow":["GET"]}}],"collection":[{"href":"https:\/\/sertaneja95fm.com.br\/sited\/wp-json\/wp\/v2\/posts"}],"about":[{"href":"https:\/\/sertaneja95fm.com.br\/sited\/wp-json\/wp\/v2\/types\/post"}],"author":[{"embeddable":true,"href":"https:\/\/sertaneja95fm.com.br\/sited\/wp-json\/wp\/v2\/users\/2"}],"replies":[{"embeddable":true,"href":"https:\/\/sertaneja95fm.com.br\/sited\/wp-json\/wp\/v2\/comments?post=8547"}],"version-history":[{"count":1,"href":"https:\/\/sertaneja95fm.com.br\/sited\/wp-json\/wp\/v2\/posts\/8547\/revisions"}],"predecessor-version":[{"id":8549,"href":"https:\/\/sertaneja95fm.com.br\/sited\/wp-json\/wp\/v2\/posts\/8547\/revisions\/8549"}],"wp:featuredmedia":[{"embeddable":true,"href":"https:\/\/sertaneja95fm.com.br\/sited\/wp-json\/wp\/v2\/media\/8550"}],"wp:attachment":[{"href":"https:\/\/sertaneja95fm.com.br\/sited\/wp-json\/wp\/v2\/media?parent=8547"}],"wp:term":[{"taxonomy":"category","embeddable":true,"href":"https:\/\/sertaneja95fm.com.br\/sited\/wp-json\/wp\/v2\/categories?post=8547"},{"taxonomy":"post_tag","embeddable":true,"href":"https:\/\/sertaneja95fm.com.br\/sited\/wp-json\/wp\/v2\/tags?post=8547"}],"curies":[{"name":"wp","href":"https:\/\/api.w.org\/{rel}","templated":true}]}}