{"id":8556,"date":"2023-11-13T09:23:53","date_gmt":"2023-11-13T12:23:53","guid":{"rendered":"https:\/\/sertaneja95fm.com.br\/?p=8556"},"modified":"2023-11-13T09:23:53","modified_gmt":"2023-11-13T12:23:53","slug":"jovem-morre-em-tragico-acidente-em-currais-novos","status":"publish","type":"post","link":"https:\/\/sertaneja95fm.com.br\/sited\/jovem-morre-em-tragico-acidente-em-currais-novos\/","title":{"rendered":"JOVEM MORRE EM TR\u00c1GICO ACIDENTE EM CURRAIS NOVOS"},"content":{"rendered":"\n<p>Um tr\u00e1gico acidente, tipo queda de moto, foi registrado na noite desse domingo (12) na cidade de Currais Novos envolvendo uma motocicleta de placa MYP-2665 conduzida pelo jovem&nbsp;<strong>Ryan Davi<\/strong>&nbsp;que n\u00e3o resistiu aos ferimentos e veio a \u00f3bito. O acidente foi nas proximidades do Hospital Regional onde a v\u00edtima perdeu o controle da moto e desceu um aterro de aproximadamente 5 metros de altura.<\/p>\n\n\n\n<p>Bombeiros e Samu foram acionados, mas infelizmente o garoto n\u00e3o sobreviveu.<\/p>\n\n\n\n<p><\/p>\n","protected":false},"excerpt":{"rendered":"<p>Um tr\u00e1gico acidente, tipo queda de moto, foi registrado na noite desse domingo (12) na cidade de Currais Novos envolvendo uma motocicleta de placa MYP-2665 conduzida pelo jovem&nbsp;Ryan Davi&nbsp;que n\u00e3o resistiu aos ferimentos e veio a \u00f3bito. O acidente foi nas proximidades do Hospital Regional onde a v\u00edtima perdeu o controle da moto e desceu [&hellip;]<\/p>\n","protected":false},"author":2,"featured_media":8557,"comment_status":"open","ping_status":"open","sticky":false,"template":"","format":"standard","meta":{"footnotes":""},"categories":[9,3,4,5,6,7,8],"tags":[],"class_list":["post-8556","post","type-post","status-publish","format-standard","has-post-thumbnail","hentry","category-9","category-destaque","category-locais","category-noticias","category-podcasts","category-sem-categoria","category-ultimas"],"aioseo_notices":[],"_links":{"self":[{"href":"https:\/\/sertaneja95fm.com.br\/sited\/wp-json\/wp\/v2\/posts\/8556","targetHints":{"allow":["GET"]}}],"collection":[{"href":"https:\/\/sertaneja95fm.com.br\/sited\/wp-json\/wp\/v2\/posts"}],"about":[{"href":"https:\/\/sertaneja95fm.com.br\/sited\/wp-json\/wp\/v2\/types\/post"}],"author":[{"embeddable":true,"href":"https:\/\/sertaneja95fm.com.br\/sited\/wp-json\/wp\/v2\/users\/2"}],"replies":[{"embeddable":true,"href":"https:\/\/sertaneja95fm.com.br\/sited\/wp-json\/wp\/v2\/comments?post=8556"}],"version-history":[{"count":1,"href":"https:\/\/sertaneja95fm.com.br\/sited\/wp-json\/wp\/v2\/posts\/8556\/revisions"}],"predecessor-version":[{"id":8558,"href":"https:\/\/sertaneja95fm.com.br\/sited\/wp-json\/wp\/v2\/posts\/8556\/revisions\/8558"}],"wp:featuredmedia":[{"embeddable":true,"href":"https:\/\/sertaneja95fm.com.br\/sited\/wp-json\/wp\/v2\/media\/8557"}],"wp:attachment":[{"href":"https:\/\/sertaneja95fm.com.br\/sited\/wp-json\/wp\/v2\/media?parent=8556"}],"wp:term":[{"taxonomy":"category","embeddable":true,"href":"https:\/\/sertaneja95fm.com.br\/sited\/wp-json\/wp\/v2\/categories?post=8556"},{"taxonomy":"post_tag","embeddable":true,"href":"https:\/\/sertaneja95fm.com.br\/sited\/wp-json\/wp\/v2\/tags?post=8556"}],"curies":[{"name":"wp","href":"https:\/\/api.w.org\/{rel}","templated":true}]}}