{"id":8564,"date":"2023-11-14T09:15:18","date_gmt":"2023-11-14T12:15:18","guid":{"rendered":"https:\/\/sertaneja95fm.com.br\/?p=8564"},"modified":"2023-11-14T09:15:19","modified_gmt":"2023-11-14T12:15:19","slug":"dia-mundial-do-diabetes-acende-alerta-para-o-cuidado-e-diagnostico-precoce-da-diabetes-gestacional","status":"publish","type":"post","link":"https:\/\/sertaneja95fm.com.br\/sited\/dia-mundial-do-diabetes-acende-alerta-para-o-cuidado-e-diagnostico-precoce-da-diabetes-gestacional\/","title":{"rendered":"Dia Mundial do Diabetes acende alerta para o cuidado e diagn\u00f3stico precoce da Diabetes Gestacional\u00a0"},"content":{"rendered":"\n<p>O dia 14 de novembro, anivers\u00e1rio do co-descobridor da insulina, Frederick Banting, foi escolhido em refer\u00eancia ao Dia Mundial do Diabetes. A doen\u00e7a cr\u00f4nica, decorrente da falta de insulina no organismo, e\/ou da incapacidade de a insulina exercer adequadamente seus efeitos, ainda \u00e9 motivo de preocupa\u00e7\u00e3o para profissionais da sa\u00fade e sociedade, tendo em vista o aumento da incid\u00eancia desse problema de sa\u00fade, tamb\u00e9m em cen\u00e1rio local.&nbsp;<\/p>\n\n\n\n<p>Na capital potiguar, de acordo com a Pesquisa de Vigil\u00e2ncia de Fatores de Risco e Prote\u00e7\u00e3o para Doen\u00e7as Cr\u00f4nicas por Inqu\u00e9rito Telef\u00f4nico (Vigitel), entre os anos de 2006 e 2017, o percentual de mulheres com diagn\u00f3stico de diabetes, aumentou 28%. Diante disso, o n\u00famero alarmante tamb\u00e9m lan\u00e7a luz \u00e0 incid\u00eancia do diabetes gestacional, como orienta a Associa\u00e7\u00e3o de Ginecologia e Obstetr\u00edcia do Rio Grande do Norte (Sogorn).<\/p>\n\n\n\n<p>O diabetes gestacional \u00e9 uma condi\u00e7\u00e3o em que o organismo da mulher produz n\u00edveis elevados de a\u00e7\u00facar no sangue durante a gravidez, afetando tanto a m\u00e3e quanto o beb\u00ea. Estima-se que a doen\u00e7a ocorra em pelo menos 5% de todas as gesta\u00e7\u00f5es, mas essa taxa pode ser ainda maior em certos grupos \u00e9tnicos. Al\u00e9m disso, mulheres que s\u00e3o acometidas pelo diabetes gestacional t\u00eam um maior risco de desenvolver diabetes tipo 2 no futuro.<\/p>\n\n\n\n<p>\u201cDurante a gesta\u00e7\u00e3o, altera\u00e7\u00f5es hormonais podem influenciar o uso e a regula\u00e7\u00e3o da insulina no corpo da mulher, levando ao desenvolvimento da doen\u00e7a. Embora seja uma condi\u00e7\u00e3o tempor\u00e1ria que geralmente se normaliza ap\u00f3s o parto, \u00e9 essencial controlar adequadamente a glicemia durante a gravidez\u201d, explica a ginecologista e obstetra Patr\u00edcia Fonseca, membro da Sogorn.<\/p>\n\n\n\n<p>Al\u00e9m disso, a hiperglicemia durante a gesta\u00e7\u00e3o tamb\u00e9m afeta os filhos dessas mulheres, aumentando os riscos de obesidade, s\u00edndrome metab\u00f3lica e diabetes na vida futura. \u201cO diabetes gestacional representa um problema relevante nos dias atuais, n\u00e3o apenas pelo risco de desfechos perinatais adversos, mas tamb\u00e9m pelo aumento de sua preval\u00eancia, acompanhando a epidemia de obesidade observada em diversos pa\u00edses\u201d, destaca a m\u00e9dica.<\/p>\n\n\n\n<p>Dessa forma, o diagn\u00f3stico precoce e o controle adequado da doen\u00e7a s\u00e3o fundamentais para garantir uma gesta\u00e7\u00e3o saud\u00e1vel e minimizar os riscos associados. O acompanhamento m\u00e9dico regular, a ado\u00e7\u00e3o de uma alimenta\u00e7\u00e3o equilibrada, com testes de glicemia regulares, pr\u00e1tica de exerc\u00edcios f\u00edsicos e o cumprimento das orienta\u00e7\u00f5es m\u00e9dicas s\u00e3o essenciais para o manejo do diabetes gestacional.<\/p>\n\n\n\n<p><strong>A doen\u00e7a em n\u00fameros<\/strong><\/p>\n\n\n\n<p>A popula\u00e7\u00e3o mundial atualmente conta com 529 milh\u00f5es de indiv\u00edduos afetados pelo diabetes, de acordo com um estudo conduzido por pesquisadores do Instituto de M\u00e9tricas e Avalia\u00e7\u00e3o de Sa\u00fade da Universidade de Washington. Al\u00e9m disso, os pesquisadores projetaram que, caso nenhuma medida seja tomada, todas as na\u00e7\u00f5es do mundo poder\u00e3o experimentar um aumento nas taxas de diabetes nos pr\u00f3ximos 30 anos. Estima-se que o n\u00famero de pessoas afetadas mais do que duplique, chegando a aproximadamente 1,3 bilh\u00e3o at\u00e9 o ano de 2050.<\/p>\n\n\n\n<p><em>Biblioteca Virtual de Sa\u00fade<\/em><\/p>\n","protected":false},"excerpt":{"rendered":"<p>O dia 14 de novembro, anivers\u00e1rio do co-descobridor da insulina, Frederick Banting, foi escolhido em refer\u00eancia ao Dia Mundial do Diabetes. A doen\u00e7a cr\u00f4nica, decorrente da falta de insulina no organismo, e\/ou da incapacidade de a insulina exercer adequadamente seus efeitos, ainda \u00e9 motivo de preocupa\u00e7\u00e3o para profissionais da sa\u00fade e sociedade, tendo em vista [&hellip;]<\/p>\n","protected":false},"author":2,"featured_media":8565,"comment_status":"open","ping_status":"open","sticky":false,"template":"","format":"standard","meta":{"footnotes":""},"categories":[9,3,4,5,6],"tags":[],"class_list":["post-8564","post","type-post","status-publish","format-standard","has-post-thumbnail","hentry","category-9","category-destaque","category-locais","category-noticias","category-podcasts"],"aioseo_notices":[],"_links":{"self":[{"href":"https:\/\/sertaneja95fm.com.br\/sited\/wp-json\/wp\/v2\/posts\/8564","targetHints":{"allow":["GET"]}}],"collection":[{"href":"https:\/\/sertaneja95fm.com.br\/sited\/wp-json\/wp\/v2\/posts"}],"about":[{"href":"https:\/\/sertaneja95fm.com.br\/sited\/wp-json\/wp\/v2\/types\/post"}],"author":[{"embeddable":true,"href":"https:\/\/sertaneja95fm.com.br\/sited\/wp-json\/wp\/v2\/users\/2"}],"replies":[{"embeddable":true,"href":"https:\/\/sertaneja95fm.com.br\/sited\/wp-json\/wp\/v2\/comments?post=8564"}],"version-history":[{"count":1,"href":"https:\/\/sertaneja95fm.com.br\/sited\/wp-json\/wp\/v2\/posts\/8564\/revisions"}],"predecessor-version":[{"id":8566,"href":"https:\/\/sertaneja95fm.com.br\/sited\/wp-json\/wp\/v2\/posts\/8564\/revisions\/8566"}],"wp:featuredmedia":[{"embeddable":true,"href":"https:\/\/sertaneja95fm.com.br\/sited\/wp-json\/wp\/v2\/media\/8565"}],"wp:attachment":[{"href":"https:\/\/sertaneja95fm.com.br\/sited\/wp-json\/wp\/v2\/media?parent=8564"}],"wp:term":[{"taxonomy":"category","embeddable":true,"href":"https:\/\/sertaneja95fm.com.br\/sited\/wp-json\/wp\/v2\/categories?post=8564"},{"taxonomy":"post_tag","embeddable":true,"href":"https:\/\/sertaneja95fm.com.br\/sited\/wp-json\/wp\/v2\/tags?post=8564"}],"curies":[{"name":"wp","href":"https:\/\/api.w.org\/{rel}","templated":true}]}}