{"id":8571,"date":"2023-11-14T09:39:20","date_gmt":"2023-11-14T12:39:20","guid":{"rendered":"https:\/\/sertaneja95fm.com.br\/?p=8571"},"modified":"2023-11-14T09:39:21","modified_gmt":"2023-11-14T12:39:21","slug":"gabarito-oficial-do-enem-sera-divulgado-nesta-3a-feira","status":"publish","type":"post","link":"https:\/\/sertaneja95fm.com.br\/sited\/gabarito-oficial-do-enem-sera-divulgado-nesta-3a-feira\/","title":{"rendered":"Gabarito oficial do Enem ser\u00e1 divulgado nesta 3\u00aa feira"},"content":{"rendered":"\n<p>O gabarito oficial e os cadernos de quest\u00f5es do Enem (Exame Nacional do Ensino M\u00e9dio) ser\u00e3o disponibilizados \u00e0s 19h (de Bras\u00edlia) desta ter\u00e7a-feira (14.nov.2023). Os dados estar\u00e3o no portal do Inep (Instituto Nacional de Estudos e Pesquisas Educacionais An\u00edsio Teixeira).<\/p>\n\n\n\n<p>O edital do Enem previa a divulga\u00e7\u00e3o dos gabaritos at\u00e9 24 de novembro, mas o ministro da Educa\u00e7\u00e3o, Camilo Santana, e o presidente do Instituto, Manuel Palacios, anunciaram a nova data no \u00faltimo dia de aplica\u00e7\u00e3o das provas, domingo (12.nov).<\/p>\n\n\n\n<p>O prazo para solicitar a reaplica\u00e7\u00e3o do Enem come\u00e7ou na segunda-feira (13.nov) e vai at\u00e9 sexta-feira (17.nov), na P\u00e1gina do Participante. As pessoas que faltaram por problemas log\u00edsticos ou doen\u00e7as infectocontagiosas, como prev\u00ea o edital, podem pedir para fazer as provas nos dias 12 e 13 de dezembro. Isso tamb\u00e9m vale para as pessoas alocadas em locais de prova com dist\u00e2ncia superior a 30 km da resid\u00eancia informada na inscri\u00e7\u00e3o.<\/p>\n\n\n\n<p><strong>Poder360<\/strong><\/p>\n\n\n\n<p><\/p>\n","protected":false},"excerpt":{"rendered":"<p>O gabarito oficial e os cadernos de quest\u00f5es do Enem (Exame Nacional do Ensino M\u00e9dio) ser\u00e3o disponibilizados \u00e0s 19h (de Bras\u00edlia) desta ter\u00e7a-feira (14.nov.2023). Os dados estar\u00e3o no portal do Inep (Instituto Nacional de Estudos e Pesquisas Educacionais An\u00edsio Teixeira). O edital do Enem previa a divulga\u00e7\u00e3o dos gabaritos at\u00e9 24 de novembro, mas o [&hellip;]<\/p>\n","protected":false},"author":2,"featured_media":8572,"comment_status":"open","ping_status":"open","sticky":false,"template":"","format":"standard","meta":{"footnotes":""},"categories":[9,3,4,5,6,7,8],"tags":[],"class_list":["post-8571","post","type-post","status-publish","format-standard","has-post-thumbnail","hentry","category-9","category-destaque","category-locais","category-noticias","category-podcasts","category-sem-categoria","category-ultimas"],"aioseo_notices":[],"_links":{"self":[{"href":"https:\/\/sertaneja95fm.com.br\/sited\/wp-json\/wp\/v2\/posts\/8571","targetHints":{"allow":["GET"]}}],"collection":[{"href":"https:\/\/sertaneja95fm.com.br\/sited\/wp-json\/wp\/v2\/posts"}],"about":[{"href":"https:\/\/sertaneja95fm.com.br\/sited\/wp-json\/wp\/v2\/types\/post"}],"author":[{"embeddable":true,"href":"https:\/\/sertaneja95fm.com.br\/sited\/wp-json\/wp\/v2\/users\/2"}],"replies":[{"embeddable":true,"href":"https:\/\/sertaneja95fm.com.br\/sited\/wp-json\/wp\/v2\/comments?post=8571"}],"version-history":[{"count":1,"href":"https:\/\/sertaneja95fm.com.br\/sited\/wp-json\/wp\/v2\/posts\/8571\/revisions"}],"predecessor-version":[{"id":8573,"href":"https:\/\/sertaneja95fm.com.br\/sited\/wp-json\/wp\/v2\/posts\/8571\/revisions\/8573"}],"wp:featuredmedia":[{"embeddable":true,"href":"https:\/\/sertaneja95fm.com.br\/sited\/wp-json\/wp\/v2\/media\/8572"}],"wp:attachment":[{"href":"https:\/\/sertaneja95fm.com.br\/sited\/wp-json\/wp\/v2\/media?parent=8571"}],"wp:term":[{"taxonomy":"category","embeddable":true,"href":"https:\/\/sertaneja95fm.com.br\/sited\/wp-json\/wp\/v2\/categories?post=8571"},{"taxonomy":"post_tag","embeddable":true,"href":"https:\/\/sertaneja95fm.com.br\/sited\/wp-json\/wp\/v2\/tags?post=8571"}],"curies":[{"name":"wp","href":"https:\/\/api.w.org\/{rel}","templated":true}]}}