{"id":8575,"date":"2023-11-16T09:42:27","date_gmt":"2023-11-16T12:42:27","guid":{"rendered":"https:\/\/sertaneja95fm.com.br\/?p=8575"},"modified":"2023-11-16T09:42:28","modified_gmt":"2023-11-16T12:42:28","slug":"seis-em-cada-dez-dividas-no-cartao-sao-de-compras-em-supermercados","status":"publish","type":"post","link":"https:\/\/sertaneja95fm.com.br\/sited\/seis-em-cada-dez-dividas-no-cartao-sao-de-compras-em-supermercados\/","title":{"rendered":"Seis em cada dez d\u00edvidas no cart\u00e3o s\u00e3o de compras em supermercados"},"content":{"rendered":"\n<p>A maioria das d\u00edvidas de cart\u00e3o de cr\u00e9dito entre os brasileiros (59%) \u00e9 originada nas compras realizadas em supermercados, mostra a pesquisa \u201cPerfil e comportamento do endividamento brasileiro 2023\u201d, divulgada pelo Serasa.<\/p>\n\n\n\n<p>Na sequ\u00eancia, o levantamento mostra que o segundo maior respons\u00e1vel pelo endividamento com cart\u00e3o s\u00e3o as compras de produtos como roupas, cal\u00e7ados e eletrodom\u00e9sticos, que representam 46% das d\u00edvidas, e, em seguida, gastos com rem\u00e9dios e tratamentos m\u00e9dicos, com 37%<\/p>\n\n\n\n<p>As d\u00edvidas de cart\u00e3o de cr\u00e9dito impactam 55% dos brasileiros endividados em 2023, valor 2 pontos percentuais acima do registrado em 2021 e 2022. Nos anos anteriores \u00e0 pandemia, no entanto, esse \u00edndice era ainda maior, de 76% em 2018 e 71% em 2019. Segundo a Serasa, a evolu\u00e7\u00e3o evidencia que \u201ca volta da rotina fora de casa levou a uma acelera\u00e7\u00e3o de gastos com cart\u00e3o de cr\u00e9dito\u201d.<\/p>\n\n\n\n<p>O estudo tamb\u00e9m mostrou que o brasileiro continua com esperan\u00e7a de honrar suas d\u00edvidas, apesar das dificuldades econ\u00f4micas. Conforme o estudo, esse \u00cdndice de Esperan\u00e7a dos Endividados cresceu 4 pontos percentuais em rela\u00e7\u00e3o ao do ano passado.<\/p>\n\n\n\n<p>A pesquisa, realizada em parceria com o Instituto Opinion Box, ouviu em outubro 11.541 pessoas maiores de 18 anos de todas as regi\u00f5es do pa\u00eds, com 52% de homens e 48% de mulheres.<\/p>\n\n\n\n<p><strong>R7<\/strong><\/p>\n\n\n\n<p><em>Foto: Freepik<\/em><\/p>\n","protected":false},"excerpt":{"rendered":"<p>A maioria das d\u00edvidas de cart\u00e3o de cr\u00e9dito entre os brasileiros (59%) \u00e9 originada nas compras realizadas em supermercados, mostra a pesquisa \u201cPerfil e comportamento do endividamento brasileiro 2023\u201d, divulgada pelo Serasa. Na sequ\u00eancia, o levantamento mostra que o segundo maior respons\u00e1vel pelo endividamento com cart\u00e3o s\u00e3o as compras de produtos como roupas, cal\u00e7ados e [&hellip;]<\/p>\n","protected":false},"author":2,"featured_media":8576,"comment_status":"open","ping_status":"open","sticky":false,"template":"","format":"standard","meta":{"footnotes":""},"categories":[3,4,5,6,7,8],"tags":[],"class_list":["post-8575","post","type-post","status-publish","format-standard","has-post-thumbnail","hentry","category-destaque","category-locais","category-noticias","category-podcasts","category-sem-categoria","category-ultimas"],"aioseo_notices":[],"_links":{"self":[{"href":"https:\/\/sertaneja95fm.com.br\/sited\/wp-json\/wp\/v2\/posts\/8575","targetHints":{"allow":["GET"]}}],"collection":[{"href":"https:\/\/sertaneja95fm.com.br\/sited\/wp-json\/wp\/v2\/posts"}],"about":[{"href":"https:\/\/sertaneja95fm.com.br\/sited\/wp-json\/wp\/v2\/types\/post"}],"author":[{"embeddable":true,"href":"https:\/\/sertaneja95fm.com.br\/sited\/wp-json\/wp\/v2\/users\/2"}],"replies":[{"embeddable":true,"href":"https:\/\/sertaneja95fm.com.br\/sited\/wp-json\/wp\/v2\/comments?post=8575"}],"version-history":[{"count":1,"href":"https:\/\/sertaneja95fm.com.br\/sited\/wp-json\/wp\/v2\/posts\/8575\/revisions"}],"predecessor-version":[{"id":8577,"href":"https:\/\/sertaneja95fm.com.br\/sited\/wp-json\/wp\/v2\/posts\/8575\/revisions\/8577"}],"wp:featuredmedia":[{"embeddable":true,"href":"https:\/\/sertaneja95fm.com.br\/sited\/wp-json\/wp\/v2\/media\/8576"}],"wp:attachment":[{"href":"https:\/\/sertaneja95fm.com.br\/sited\/wp-json\/wp\/v2\/media?parent=8575"}],"wp:term":[{"taxonomy":"category","embeddable":true,"href":"https:\/\/sertaneja95fm.com.br\/sited\/wp-json\/wp\/v2\/categories?post=8575"},{"taxonomy":"post_tag","embeddable":true,"href":"https:\/\/sertaneja95fm.com.br\/sited\/wp-json\/wp\/v2\/tags?post=8575"}],"curies":[{"name":"wp","href":"https:\/\/api.w.org\/{rel}","templated":true}]}}