{"id":8578,"date":"2023-11-16T09:46:47","date_gmt":"2023-11-16T12:46:47","guid":{"rendered":"https:\/\/sertaneja95fm.com.br\/?p=8578"},"modified":"2023-11-16T09:47:45","modified_gmt":"2023-11-16T12:47:45","slug":"calor-comeca-a-impactar-inflacao-e-ameaca-preco-de-alimentos-e-tarifa-de-energia","status":"publish","type":"post","link":"https:\/\/sertaneja95fm.com.br\/sited\/calor-comeca-a-impactar-inflacao-e-ameaca-preco-de-alimentos-e-tarifa-de-energia\/","title":{"rendered":"Calor come\u00e7a a impactar infla\u00e7\u00e3o e amea\u00e7a pre\u00e7o de alimentos e tarifa de energia"},"content":{"rendered":"\n<p>J\u00e1 \u00e9 poss\u00edvel perceber impactos pontuais do calor intenso na infla\u00e7\u00e3o. Segundo analistas, altas temperaturas nos pr\u00f3ximos meses, com a chegada do ver\u00e3o em dezembro, aumentam os riscos para os pre\u00e7os. Os efeitos da crise do clima podem pressionar itens como alimentos e energia el\u00e9trica.<\/p>\n\n\n\n<p>O calor j\u00e1 atingiu a infla\u00e7\u00e3o de produtos como o ar-condicionado. Em outubro, os pre\u00e7os subiram 6,09%, conforme o IPCA (\u00cdndice Nacional de Pre\u00e7os ao Consumidor Amplo), calculado pelo IBGE (Instituto Brasileiro de Geografia e Estat\u00edstica).<\/p>\n\n\n\n<p>Foi a maior alta em tr\u00eas anos, desde outubro de 2020 (10,54%). De acordo com o IBGE, a carestia pode ser associada \u00e0 demanda maior em raz\u00e3o do calor e \u00e0 seca hist\u00f3rica no Amazonas, que dificultou a produ\u00e7\u00e3o no estado.<\/p>\n\n\n\n<p>\u201cMesmo que estivesse fazendo calor dentro da normalidade para esta \u00e9poca do ano, a venda de ventiladores e ar-condicionado seria grande\u201d, diz o economista Andr\u00e9 Braz, do FGV Ibre (Instituto Brasileiro de Economia da Funda\u00e7\u00e3o Getulio Vargas).<\/p>\n\n\n\n<p>\u201cTodo ano tem isso, mas, neste, pelo fato de o calor ter vindo mais cedo e estar muito intenso, pode ser que tenha provocado uma altera\u00e7\u00e3o nesses bens\u201d, afirma.<\/p>\n\n\n\n<p><strong>Folhapress<\/strong><\/p>\n\n\n\n<p>Foto: Reprodu\u00e7\u00e3o<\/p>\n\n\n\n<p><a href=\"https:\/\/www.blogdobg.com.br\/calor-comeca-a-impactar-inflacao-e-ameaca-preco-de-alimentos-e-tarifa-de-energia\/#comentarios\">COMENTE AQUI<\/a><\/p>\n\n\n\n<p><a href=\"tg:\/\/msg?text=https%3A%2F%2Fwww.blogdobg.com.br%2Fcalor-comeca-a-impactar-inflacao-e-ameaca-preco-de-alimentos-e-tarifa-de-energia%2F%20Calor%20come%C3%A7a%20a%20impactar%20infla%C3%A7%C3%A3o%20e%20amea%C3%A7a%20pre%C3%A7o%20de%20alimentos%20e%20tarifa%20de%20energia\"><\/a><\/p>\n","protected":false},"excerpt":{"rendered":"<p>J\u00e1 \u00e9 poss\u00edvel perceber impactos pontuais do calor intenso na infla\u00e7\u00e3o. Segundo analistas, altas temperaturas nos pr\u00f3ximos meses, com a chegada do ver\u00e3o em dezembro, aumentam os riscos para os pre\u00e7os. Os efeitos da crise do clima podem pressionar itens como alimentos e energia el\u00e9trica. O calor j\u00e1 atingiu a infla\u00e7\u00e3o de produtos como o [&hellip;]<\/p>\n","protected":false},"author":2,"featured_media":8579,"comment_status":"open","ping_status":"open","sticky":false,"template":"","format":"standard","meta":{"footnotes":""},"categories":[9,3,4,5,6,7,8],"tags":[],"class_list":["post-8578","post","type-post","status-publish","format-standard","has-post-thumbnail","hentry","category-9","category-destaque","category-locais","category-noticias","category-podcasts","category-sem-categoria","category-ultimas"],"aioseo_notices":[],"_links":{"self":[{"href":"https:\/\/sertaneja95fm.com.br\/sited\/wp-json\/wp\/v2\/posts\/8578","targetHints":{"allow":["GET"]}}],"collection":[{"href":"https:\/\/sertaneja95fm.com.br\/sited\/wp-json\/wp\/v2\/posts"}],"about":[{"href":"https:\/\/sertaneja95fm.com.br\/sited\/wp-json\/wp\/v2\/types\/post"}],"author":[{"embeddable":true,"href":"https:\/\/sertaneja95fm.com.br\/sited\/wp-json\/wp\/v2\/users\/2"}],"replies":[{"embeddable":true,"href":"https:\/\/sertaneja95fm.com.br\/sited\/wp-json\/wp\/v2\/comments?post=8578"}],"version-history":[{"count":2,"href":"https:\/\/sertaneja95fm.com.br\/sited\/wp-json\/wp\/v2\/posts\/8578\/revisions"}],"predecessor-version":[{"id":8581,"href":"https:\/\/sertaneja95fm.com.br\/sited\/wp-json\/wp\/v2\/posts\/8578\/revisions\/8581"}],"wp:featuredmedia":[{"embeddable":true,"href":"https:\/\/sertaneja95fm.com.br\/sited\/wp-json\/wp\/v2\/media\/8579"}],"wp:attachment":[{"href":"https:\/\/sertaneja95fm.com.br\/sited\/wp-json\/wp\/v2\/media?parent=8578"}],"wp:term":[{"taxonomy":"category","embeddable":true,"href":"https:\/\/sertaneja95fm.com.br\/sited\/wp-json\/wp\/v2\/categories?post=8578"},{"taxonomy":"post_tag","embeddable":true,"href":"https:\/\/sertaneja95fm.com.br\/sited\/wp-json\/wp\/v2\/tags?post=8578"}],"curies":[{"name":"wp","href":"https:\/\/api.w.org\/{rel}","templated":true}]}}