{"id":8598,"date":"2023-11-20T08:49:32","date_gmt":"2023-11-20T11:49:32","guid":{"rendered":"https:\/\/sertaneja95fm.com.br\/?p=8598"},"modified":"2023-11-20T08:49:33","modified_gmt":"2023-11-20T11:49:33","slug":"mesmo-sem-unanimidade-lideres-dao-como-certa-aprovacao-de-pec-que-limita-poderes-do-stf","status":"publish","type":"post","link":"https:\/\/sertaneja95fm.com.br\/sited\/mesmo-sem-unanimidade-lideres-dao-como-certa-aprovacao-de-pec-que-limita-poderes-do-stf\/","title":{"rendered":"Mesmo sem unanimidade, l\u00edderes d\u00e3o como certa aprova\u00e7\u00e3o de PEC que limita poderes do STF"},"content":{"rendered":"\n<p>O presidente do Senado, Rodrigo Pacheco (PSD-MG), deve pautar, para a pr\u00f3xima ter\u00e7a-feira (21), a vota\u00e7\u00e3o da Proposta de Emenda \u00e0 Constitui\u00e7\u00e3o (PEC) que limita poderes do Supremo Tribunal Federal (STF).<\/p>\n\n\n\n<p>A previs\u00e3o, segundo Pacheco, \u00e9 que a quinta e \u00faltima sess\u00e3o regimental para discutir a mat\u00e9ria seja feita no mesmo dia da vota\u00e7\u00e3o.<\/p>\n\n\n\n<p>Apesar de n\u00e3o ser unanimidade, l\u00edderes ouvidos pela CNN j\u00e1 d\u00e3o como certa a aprova\u00e7\u00e3o da proposta no Senado.<\/p>\n\n\n\n<p>Na condi\u00e7\u00e3o de anonimato, um l\u00edder da base governista relatou \u00e0 reportagem que a pauta deve ser aprovada em dois turnos de vota\u00e7\u00e3o com folga, pois tem uma \u201cmaioria s\u00f3lida\u201d. Um l\u00edder da oposi\u00e7\u00e3o avaliou que a mat\u00e9ria \u201cpassa f\u00e1cil\u201d no plen\u00e1rio.<\/p>\n\n\n\n<p>Outras lideran\u00e7as partid\u00e1rias que n\u00e3o concordam com o texto devem se reunir com suas bancadas antes da vota\u00e7\u00e3o de ter\u00e7a e definir se v\u00e3o apoiar ou n\u00e3o a pauta. A tend\u00eancia deve ser liberar os parlamentares para votarem como quiserem.<\/p>\n\n\n\n<p><strong>CNN Brasil<\/strong><\/p>\n\n\n\n<p>Foto: Fellipe Sampaio\/SCO\/STF<\/p>\n","protected":false},"excerpt":{"rendered":"<p>O presidente do Senado, Rodrigo Pacheco (PSD-MG), deve pautar, para a pr\u00f3xima ter\u00e7a-feira (21), a vota\u00e7\u00e3o da Proposta de Emenda \u00e0 Constitui\u00e7\u00e3o (PEC) que limita poderes do Supremo Tribunal Federal (STF). A previs\u00e3o, segundo Pacheco, \u00e9 que a quinta e \u00faltima sess\u00e3o regimental para discutir a mat\u00e9ria seja feita no mesmo dia da vota\u00e7\u00e3o. Apesar [&hellip;]<\/p>\n","protected":false},"author":2,"featured_media":8599,"comment_status":"open","ping_status":"open","sticky":false,"template":"","format":"standard","meta":{"footnotes":""},"categories":[3,4,5,6,7,8],"tags":[],"class_list":["post-8598","post","type-post","status-publish","format-standard","has-post-thumbnail","hentry","category-destaque","category-locais","category-noticias","category-podcasts","category-sem-categoria","category-ultimas"],"aioseo_notices":[],"_links":{"self":[{"href":"https:\/\/sertaneja95fm.com.br\/sited\/wp-json\/wp\/v2\/posts\/8598","targetHints":{"allow":["GET"]}}],"collection":[{"href":"https:\/\/sertaneja95fm.com.br\/sited\/wp-json\/wp\/v2\/posts"}],"about":[{"href":"https:\/\/sertaneja95fm.com.br\/sited\/wp-json\/wp\/v2\/types\/post"}],"author":[{"embeddable":true,"href":"https:\/\/sertaneja95fm.com.br\/sited\/wp-json\/wp\/v2\/users\/2"}],"replies":[{"embeddable":true,"href":"https:\/\/sertaneja95fm.com.br\/sited\/wp-json\/wp\/v2\/comments?post=8598"}],"version-history":[{"count":1,"href":"https:\/\/sertaneja95fm.com.br\/sited\/wp-json\/wp\/v2\/posts\/8598\/revisions"}],"predecessor-version":[{"id":8600,"href":"https:\/\/sertaneja95fm.com.br\/sited\/wp-json\/wp\/v2\/posts\/8598\/revisions\/8600"}],"wp:featuredmedia":[{"embeddable":true,"href":"https:\/\/sertaneja95fm.com.br\/sited\/wp-json\/wp\/v2\/media\/8599"}],"wp:attachment":[{"href":"https:\/\/sertaneja95fm.com.br\/sited\/wp-json\/wp\/v2\/media?parent=8598"}],"wp:term":[{"taxonomy":"category","embeddable":true,"href":"https:\/\/sertaneja95fm.com.br\/sited\/wp-json\/wp\/v2\/categories?post=8598"},{"taxonomy":"post_tag","embeddable":true,"href":"https:\/\/sertaneja95fm.com.br\/sited\/wp-json\/wp\/v2\/tags?post=8598"}],"curies":[{"name":"wp","href":"https:\/\/api.w.org\/{rel}","templated":true}]}}