{"id":8606,"date":"2023-11-22T09:23:30","date_gmt":"2023-11-22T12:23:30","guid":{"rendered":"https:\/\/sertaneja95fm.com.br\/?p=8606"},"modified":"2023-11-22T09:35:17","modified_gmt":"2023-11-22T12:35:17","slug":"rede-estadual-matricula-para-estudantes-com-necessidades-educacionais-inicia-nesta-quarta-feira-22","status":"publish","type":"post","link":"https:\/\/sertaneja95fm.com.br\/sited\/rede-estadual-matricula-para-estudantes-com-necessidades-educacionais-inicia-nesta-quarta-feira-22\/","title":{"rendered":"Rede estadual: matr\u00edcula para estudantes com necessidades educacionais inicia nesta quarta-feira (22)"},"content":{"rendered":"\n<figure class=\"wp-block-image size-full\"><img loading=\"lazy\" decoding=\"async\" width=\"1024\" height=\"613\" src=\"https:\/\/sertaneja95fm.com.br\/sited\/wp-content\/uploads\/2023\/11\/pgr-1024x613-1.webp\" alt=\"\" class=\"wp-image-8608\" srcset=\"https:\/\/sertaneja95fm.com.br\/sited\/wp-content\/uploads\/2023\/11\/pgr-1024x613-1.webp 1024w, https:\/\/sertaneja95fm.com.br\/sited\/wp-content\/uploads\/2023\/11\/pgr-1024x613-1-300x180.webp 300w, https:\/\/sertaneja95fm.com.br\/sited\/wp-content\/uploads\/2023\/11\/pgr-1024x613-1-768x460.webp 768w\" sizes=\"auto, (max-width: 1024px) 100vw, 1024px\" \/><\/figure>\n\n\n\n<p>A Secretaria de Estado da Educa\u00e7\u00e3o, da Cultura, do Esporte e do Lazer (SEEC), em parceria com a Uni\u00e3o dos Dirigentes dos Munic\u00edpios do Rio Grande do Norte (Undime) informam que na rede estadual, as matr\u00edculas para novos estudantes com necessidades educacionais espec\u00edficas ser\u00e3o realizadas no per\u00edodo de 22\/11 a 08\/12 pelo portal do Sigeduc, plataforma online de gest\u00e3o educacional, dispon\u00edvel em&nbsp;<a href=\"http:\/\/www.sigeduc.rn.gov.br\/\">www.sigeduc.rn.gov.br<\/a>.<\/p>\n\n\n\n<p>Em 2024, a a\u00e7\u00e3o ocorre em articula\u00e7\u00e3o com a Undime, visando aprimorar a organiza\u00e7\u00e3o das redes estaduais e municipais de ensino do Rio Grande do Norte para melhor atender \u00e0s especificidades educacionais dos estudantes. A matr\u00edcula antecipada para estudantes com NEE foi iniciada em 2004 e busca garantir a matr\u00edcula de estudantes apoiados pela Educa\u00e7\u00e3o Especial.<\/p>\n\n\n\n<p><em>Foto: Reprodu\u00e7\u00e3o<\/em><\/p>\n\n\n\n<p><\/p>\n","protected":false},"excerpt":{"rendered":"<p>A Secretaria de Estado da Educa\u00e7\u00e3o, da Cultura, do Esporte e do Lazer (SEEC), em parceria com a Uni\u00e3o dos Dirigentes dos Munic\u00edpios do Rio Grande do Norte (Undime) informam que na rede estadual, as matr\u00edculas para novos estudantes com necessidades educacionais espec\u00edficas ser\u00e3o realizadas no per\u00edodo de 22\/11 a 08\/12 pelo portal do Sigeduc, [&hellip;]<\/p>\n","protected":false},"author":2,"featured_media":8609,"comment_status":"open","ping_status":"open","sticky":false,"template":"","format":"standard","meta":{"footnotes":""},"categories":[9,3,4,5,6,7,8],"tags":[],"class_list":["post-8606","post","type-post","status-publish","format-standard","has-post-thumbnail","hentry","category-9","category-destaque","category-locais","category-noticias","category-podcasts","category-sem-categoria","category-ultimas"],"aioseo_notices":[],"_links":{"self":[{"href":"https:\/\/sertaneja95fm.com.br\/sited\/wp-json\/wp\/v2\/posts\/8606","targetHints":{"allow":["GET"]}}],"collection":[{"href":"https:\/\/sertaneja95fm.com.br\/sited\/wp-json\/wp\/v2\/posts"}],"about":[{"href":"https:\/\/sertaneja95fm.com.br\/sited\/wp-json\/wp\/v2\/types\/post"}],"author":[{"embeddable":true,"href":"https:\/\/sertaneja95fm.com.br\/sited\/wp-json\/wp\/v2\/users\/2"}],"replies":[{"embeddable":true,"href":"https:\/\/sertaneja95fm.com.br\/sited\/wp-json\/wp\/v2\/comments?post=8606"}],"version-history":[{"count":2,"href":"https:\/\/sertaneja95fm.com.br\/sited\/wp-json\/wp\/v2\/posts\/8606\/revisions"}],"predecessor-version":[{"id":8610,"href":"https:\/\/sertaneja95fm.com.br\/sited\/wp-json\/wp\/v2\/posts\/8606\/revisions\/8610"}],"wp:featuredmedia":[{"embeddable":true,"href":"https:\/\/sertaneja95fm.com.br\/sited\/wp-json\/wp\/v2\/media\/8609"}],"wp:attachment":[{"href":"https:\/\/sertaneja95fm.com.br\/sited\/wp-json\/wp\/v2\/media?parent=8606"}],"wp:term":[{"taxonomy":"category","embeddable":true,"href":"https:\/\/sertaneja95fm.com.br\/sited\/wp-json\/wp\/v2\/categories?post=8606"},{"taxonomy":"post_tag","embeddable":true,"href":"https:\/\/sertaneja95fm.com.br\/sited\/wp-json\/wp\/v2\/tags?post=8606"}],"curies":[{"name":"wp","href":"https:\/\/api.w.org\/{rel}","templated":true}]}}