{"id":8618,"date":"2023-11-23T08:58:04","date_gmt":"2023-11-23T11:58:04","guid":{"rendered":"https:\/\/sertaneja95fm.com.br\/?p=8618"},"modified":"2023-11-23T08:58:05","modified_gmt":"2023-11-23T11:58:05","slug":"paralisacao-dos-servidores-do-detran-pode-afetar-2-mil-usuarios","status":"publish","type":"post","link":"https:\/\/sertaneja95fm.com.br\/sited\/paralisacao-dos-servidores-do-detran-pode-afetar-2-mil-usuarios\/","title":{"rendered":"Paralisa\u00e7\u00e3o dos servidores do Detran pode afetar 2 mil usu\u00e1rios"},"content":{"rendered":"\n<p>Os servidores do Departamento Estadual de Tr\u00e2nsito (Detran-RN) iniciaram uma greve em busca de reajuste salarial e realiza\u00e7\u00e3o de um concurso p\u00fablico. A paralisa\u00e7\u00e3o teve in\u00edcio nesta quarta-feira (22) e est\u00e1 programada para se estender at\u00e9 esta sexta-feira (24), impactando cerca de 2 mil usu\u00e1rios em todo o estado. O atendimento nas diversas unidades do \u00f3rg\u00e3o segue estabelecido apenas aos usu\u00e1rios que tenham agendamento de servi\u00e7os.<\/p>\n\n\n\n<p>O coordenador de comunica\u00e7\u00e3o do SINAI, Alexandre Guedes Fernandes, em entrevista \u00e0 Tribuna do Norte, destacou que o movimento grevista cobra do Governo do Estado o cumprimento da data-base e reajuste, mas que, de acordo com o sindicalista, n\u00e3o vem sendo cumprida no Rio Grande do Norte. Segundo Alexandre Guedes Fernandes, at\u00e9 o momento, o Governo do estado, n\u00e3o havia apresentado proposta para encerramento da greve.<\/p>\n\n\n\n<p>Para pressionar o Governo, a manh\u00e3 desta quarta-feira (22), os servidores do Detran, em ato coletivo, com os trabalhadores da Emater, Emparn, Fundase, Ceasa e a Funda\u00e7\u00e3o Jos\u00e9 Augusto, realizaram um protesto em frente \u00e0 Governadoria, no bairro de Lagoa Nova, em Natal.<\/p>\n\n\n\n<p><strong>Tribuna do Norte<\/strong><\/p>\n\n\n\n<p>Foto: Adriano Abreu<\/p>\n","protected":false},"excerpt":{"rendered":"<p>Os servidores do Departamento Estadual de Tr\u00e2nsito (Detran-RN) iniciaram uma greve em busca de reajuste salarial e realiza\u00e7\u00e3o de um concurso p\u00fablico. A paralisa\u00e7\u00e3o teve in\u00edcio nesta quarta-feira (22) e est\u00e1 programada para se estender at\u00e9 esta sexta-feira (24), impactando cerca de 2 mil usu\u00e1rios em todo o estado. O atendimento nas diversas unidades do [&hellip;]<\/p>\n","protected":false},"author":2,"featured_media":8619,"comment_status":"open","ping_status":"open","sticky":false,"template":"","format":"standard","meta":{"footnotes":""},"categories":[3,4,5,6,7,8],"tags":[],"class_list":["post-8618","post","type-post","status-publish","format-standard","has-post-thumbnail","hentry","category-destaque","category-locais","category-noticias","category-podcasts","category-sem-categoria","category-ultimas"],"aioseo_notices":[],"_links":{"self":[{"href":"https:\/\/sertaneja95fm.com.br\/sited\/wp-json\/wp\/v2\/posts\/8618","targetHints":{"allow":["GET"]}}],"collection":[{"href":"https:\/\/sertaneja95fm.com.br\/sited\/wp-json\/wp\/v2\/posts"}],"about":[{"href":"https:\/\/sertaneja95fm.com.br\/sited\/wp-json\/wp\/v2\/types\/post"}],"author":[{"embeddable":true,"href":"https:\/\/sertaneja95fm.com.br\/sited\/wp-json\/wp\/v2\/users\/2"}],"replies":[{"embeddable":true,"href":"https:\/\/sertaneja95fm.com.br\/sited\/wp-json\/wp\/v2\/comments?post=8618"}],"version-history":[{"count":1,"href":"https:\/\/sertaneja95fm.com.br\/sited\/wp-json\/wp\/v2\/posts\/8618\/revisions"}],"predecessor-version":[{"id":8620,"href":"https:\/\/sertaneja95fm.com.br\/sited\/wp-json\/wp\/v2\/posts\/8618\/revisions\/8620"}],"wp:featuredmedia":[{"embeddable":true,"href":"https:\/\/sertaneja95fm.com.br\/sited\/wp-json\/wp\/v2\/media\/8619"}],"wp:attachment":[{"href":"https:\/\/sertaneja95fm.com.br\/sited\/wp-json\/wp\/v2\/media?parent=8618"}],"wp:term":[{"taxonomy":"category","embeddable":true,"href":"https:\/\/sertaneja95fm.com.br\/sited\/wp-json\/wp\/v2\/categories?post=8618"},{"taxonomy":"post_tag","embeddable":true,"href":"https:\/\/sertaneja95fm.com.br\/sited\/wp-json\/wp\/v2\/tags?post=8618"}],"curies":[{"name":"wp","href":"https:\/\/api.w.org\/{rel}","templated":true}]}}