{"id":8621,"date":"2023-11-23T08:59:45","date_gmt":"2023-11-23T11:59:45","guid":{"rendered":"https:\/\/sertaneja95fm.com.br\/?p=8621"},"modified":"2023-11-23T08:59:45","modified_gmt":"2023-11-23T11:59:45","slug":"pms-e-bombeiros-terao-reuniao-nesta-quinta-feira-23-para-ouvir-nova-proposta-do-governo","status":"publish","type":"post","link":"https:\/\/sertaneja95fm.com.br\/sited\/pms-e-bombeiros-terao-reuniao-nesta-quinta-feira-23-para-ouvir-nova-proposta-do-governo\/","title":{"rendered":"PMs e bombeiros ter\u00e3o reuni\u00e3o nesta quinta-feira (23) para ouvir nova proposta do Governo"},"content":{"rendered":"\n<p>As associa\u00e7\u00f5es representativas dos policiais e bombeiros militares do RN t\u00eam reuni\u00e3o marcada com a Secretaria de Administra\u00e7\u00e3o (Sead) nesta quinta-feira (23) para ouvir nova proposta do Executivo para a atualiza\u00e7\u00e3o da Lei de Promo\u00e7\u00e3o de Pra\u00e7as e o reajuste salarial da categoria. Uma assembleia geral est\u00e1 marcada com a tropa a partir das 14h, no Centro Administrativo, para aguardar o resultado da reuni\u00e3o e analisar os pr\u00f3ximos passos.<\/p>\n\n\n\n<p>O encontro foi marcado na \u00faltima segunda-feira (20), em reuni\u00e3o com a Sead, ap\u00f3s caminhada que reuniu agentes da seguran\u00e7a p\u00fablica do Midway at\u00e9 a Governadoria. Estiveram presentes o representante da Sead, Pedro Lopes, o secret\u00e1rio do Gabinete Civil, Ivanilson Maia, e os comandantes da PM e do Corpo de Bombeiros, Coronel Alarico e Coronel Monteiro, respectivamente.<\/p>\n\n\n\n<p>Segundo a presidente da Associa\u00e7\u00e3o de Subtenentes e Sargentos (ASSPMBMRN), subtenente M\u00e1rcia Carvalho, o esperado para esta nova etapa da negocia\u00e7\u00e3o \u00e9 que \u201co Governo respeite a aplica\u00e7\u00e3o homog\u00eanea da Lei de Promo\u00e7\u00e3o de Pra\u00e7as pedida pela tropa\u201d para beneficiar os mais de 2 mil novos soldados que entraram na corpora\u00e7\u00e3o ap\u00f3s a san\u00e7\u00e3o da legisla\u00e7\u00e3o, al\u00e9m de oferta com porcentagem de reajuste salarial.<\/p>\n\n\n\n<p><a href=\"https:\/\/tribunadonorte.com.br\/natal\/pms-e-bombeiros-terao-reuniao-nesta-quinta-feira-23-para-ouvir-nova-proposta-do-governo\/\">Tribuna do Norte<\/a><\/p>\n\n\n\n<p>Foto: Divulga\u00e7\u00e3o<\/p>\n\n\n\n<p><\/p>\n","protected":false},"excerpt":{"rendered":"<p>As associa\u00e7\u00f5es representativas dos policiais e bombeiros militares do RN t\u00eam reuni\u00e3o marcada com a Secretaria de Administra\u00e7\u00e3o (Sead) nesta quinta-feira (23) para ouvir nova proposta do Executivo para a atualiza\u00e7\u00e3o da Lei de Promo\u00e7\u00e3o de Pra\u00e7as e o reajuste salarial da categoria. Uma assembleia geral est\u00e1 marcada com a tropa a partir das 14h, [&hellip;]<\/p>\n","protected":false},"author":2,"featured_media":8622,"comment_status":"open","ping_status":"open","sticky":false,"template":"","format":"standard","meta":{"footnotes":""},"categories":[3,4,5,6,7,8],"tags":[],"class_list":["post-8621","post","type-post","status-publish","format-standard","has-post-thumbnail","hentry","category-destaque","category-locais","category-noticias","category-podcasts","category-sem-categoria","category-ultimas"],"aioseo_notices":[],"_links":{"self":[{"href":"https:\/\/sertaneja95fm.com.br\/sited\/wp-json\/wp\/v2\/posts\/8621","targetHints":{"allow":["GET"]}}],"collection":[{"href":"https:\/\/sertaneja95fm.com.br\/sited\/wp-json\/wp\/v2\/posts"}],"about":[{"href":"https:\/\/sertaneja95fm.com.br\/sited\/wp-json\/wp\/v2\/types\/post"}],"author":[{"embeddable":true,"href":"https:\/\/sertaneja95fm.com.br\/sited\/wp-json\/wp\/v2\/users\/2"}],"replies":[{"embeddable":true,"href":"https:\/\/sertaneja95fm.com.br\/sited\/wp-json\/wp\/v2\/comments?post=8621"}],"version-history":[{"count":1,"href":"https:\/\/sertaneja95fm.com.br\/sited\/wp-json\/wp\/v2\/posts\/8621\/revisions"}],"predecessor-version":[{"id":8623,"href":"https:\/\/sertaneja95fm.com.br\/sited\/wp-json\/wp\/v2\/posts\/8621\/revisions\/8623"}],"wp:featuredmedia":[{"embeddable":true,"href":"https:\/\/sertaneja95fm.com.br\/sited\/wp-json\/wp\/v2\/media\/8622"}],"wp:attachment":[{"href":"https:\/\/sertaneja95fm.com.br\/sited\/wp-json\/wp\/v2\/media?parent=8621"}],"wp:term":[{"taxonomy":"category","embeddable":true,"href":"https:\/\/sertaneja95fm.com.br\/sited\/wp-json\/wp\/v2\/categories?post=8621"},{"taxonomy":"post_tag","embeddable":true,"href":"https:\/\/sertaneja95fm.com.br\/sited\/wp-json\/wp\/v2\/tags?post=8621"}],"curies":[{"name":"wp","href":"https:\/\/api.w.org\/{rel}","templated":true}]}}