{"id":8632,"date":"2023-11-27T09:18:52","date_gmt":"2023-11-27T12:18:52","guid":{"rendered":"https:\/\/sertaneja95fm.com.br\/?p=8632"},"modified":"2023-11-27T09:20:52","modified_gmt":"2023-11-27T12:20:52","slug":"i-festival-pelo-fim-da-violencia-contra-a-mulher-em-currais-novos-aconteceu-em-currais-novos","status":"publish","type":"post","link":"https:\/\/sertaneja95fm.com.br\/sited\/i-festival-pelo-fim-da-violencia-contra-a-mulher-em-currais-novos-aconteceu-em-currais-novos\/","title":{"rendered":"I Festival pelo Fim da Viol\u00eancia contra a Mulher em Currais Novos aconteceu em Currais Novos"},"content":{"rendered":"\n<p>No dia  (25), em meio a um clima de engajamento e conscientiza\u00e7\u00e3o, a cidade de Currais Novos sediou o I Festival pelo Fim da Viol\u00eancia contra a Mulher.<\/p>\n\n\n\n<p>O evento foi alusivo ao Dia Nacional de Luta pelo Fim da Viol\u00eancia contra a Mulher, uma iniciativa conjunta da Casa de Cultura, do Movimento Feminista Marcha Mundial das Mulheres e do Projeto Feira das Mulheres, com patroc\u00ednio da Justi\u00e7a do RN atrav\u00e9s das penas pecuni\u00e1rias.<\/p>\n\n\n\n<p>Entrevistamos a vereadora Rayssa, uma das organizadoras do festival que expressou sua satisfa\u00e7\u00e3o com o evento, destacando a inova\u00e7\u00e3o na abordagem do tema na cidade. &#8220;O festival foi mais uma forma inovadora para abordar o tema na cidade, conscientizando a popula\u00e7\u00e3o sobre a import\u00e2ncia de combater a viol\u00eancia contra a mulher&#8221;, declarou ela. Rayssa tamb\u00e9m ressaltou que o evento teve um papel crucial em promover a autonomia econ\u00f4mica, beneficiando mais de 50 mulheres participantes do Projeto Feira das Mulheres e que s\u00f3 foi poss\u00edvel a realiza\u00e7\u00e3o gra\u00e7as a parceria especialmente com a Casa de cultura popular e a comarca de justi\u00e7a de Currais Novos.<\/p>\n\n\n\n<p>Durante o festival, diversos eventos e atividades foram realizados para envolver a comunidade, incluindo concurso de poesia, apresenta\u00e7\u00f5es art\u00edsticas e exposi\u00e7\u00f5es culturais. O enfoque na autonomia econ\u00f4mica das mulheres, atrav\u00e9s do Projeto Feira das Mulheres, proporcionou n\u00e3o apenas conscientiza\u00e7\u00e3o, mas tamb\u00e9m oportunidades pr\u00e1ticas para as participantes.<\/p>\n\n\n\n<p>O patroc\u00ednio da Justi\u00e7a do RN, por meio das penas pecuni\u00e1rias, evidencia o reconhecimento institucional da import\u00e2ncia de iniciativas locais no combate \u00e0 viol\u00eancia de g\u00eanero.<\/p>\n\n\n\n<p>A a\u00e7\u00e3o ainda contou com a parceria do sindicato dos trabalhadores e trabalhadoras rurais, da prefeitura municipal de Currais Novos e do governo do estado do RN.<\/p>\n\n\n\n<p>O festival serviu como um catalisador para a mobiliza\u00e7\u00e3o cont\u00ednua da comunidade em prol do fim da viol\u00eancia contra a mulher.<\/p>\n\n\n\n<figure class=\"wp-block-video\"><video controls src=\"blob:https:\/\/sertaneja95fm.com.br\/8014652c-29cc-44e9-9b7f-06148fcba560\"><\/video><\/figure>\n","protected":false},"excerpt":{"rendered":"<p>No dia (25), em meio a um clima de engajamento e conscientiza\u00e7\u00e3o, a cidade de Currais Novos sediou o I Festival pelo Fim da Viol\u00eancia contra a Mulher. O evento foi alusivo ao Dia Nacional de Luta pelo Fim da Viol\u00eancia contra a Mulher, uma iniciativa conjunta da Casa de Cultura, do Movimento Feminista Marcha [&hellip;]<\/p>\n","protected":false},"author":2,"featured_media":8633,"comment_status":"open","ping_status":"open","sticky":false,"template":"","format":"standard","meta":{"footnotes":""},"categories":[9,3,4,5,6,7],"tags":[],"class_list":["post-8632","post","type-post","status-publish","format-standard","has-post-thumbnail","hentry","category-9","category-destaque","category-locais","category-noticias","category-podcasts","category-sem-categoria"],"aioseo_notices":[],"_links":{"self":[{"href":"https:\/\/sertaneja95fm.com.br\/sited\/wp-json\/wp\/v2\/posts\/8632","targetHints":{"allow":["GET"]}}],"collection":[{"href":"https:\/\/sertaneja95fm.com.br\/sited\/wp-json\/wp\/v2\/posts"}],"about":[{"href":"https:\/\/sertaneja95fm.com.br\/sited\/wp-json\/wp\/v2\/types\/post"}],"author":[{"embeddable":true,"href":"https:\/\/sertaneja95fm.com.br\/sited\/wp-json\/wp\/v2\/users\/2"}],"replies":[{"embeddable":true,"href":"https:\/\/sertaneja95fm.com.br\/sited\/wp-json\/wp\/v2\/comments?post=8632"}],"version-history":[{"count":2,"href":"https:\/\/sertaneja95fm.com.br\/sited\/wp-json\/wp\/v2\/posts\/8632\/revisions"}],"predecessor-version":[{"id":8635,"href":"https:\/\/sertaneja95fm.com.br\/sited\/wp-json\/wp\/v2\/posts\/8632\/revisions\/8635"}],"wp:featuredmedia":[{"embeddable":true,"href":"https:\/\/sertaneja95fm.com.br\/sited\/wp-json\/wp\/v2\/media\/8633"}],"wp:attachment":[{"href":"https:\/\/sertaneja95fm.com.br\/sited\/wp-json\/wp\/v2\/media?parent=8632"}],"wp:term":[{"taxonomy":"category","embeddable":true,"href":"https:\/\/sertaneja95fm.com.br\/sited\/wp-json\/wp\/v2\/categories?post=8632"},{"taxonomy":"post_tag","embeddable":true,"href":"https:\/\/sertaneja95fm.com.br\/sited\/wp-json\/wp\/v2\/tags?post=8632"}],"curies":[{"name":"wp","href":"https:\/\/api.w.org\/{rel}","templated":true}]}}