{"id":8653,"date":"2023-11-29T09:50:13","date_gmt":"2023-11-29T12:50:13","guid":{"rendered":"https:\/\/sertaneja95fm.com.br\/?p=8653"},"modified":"2023-11-29T09:55:56","modified_gmt":"2023-11-29T12:55:56","slug":"dia-de-acao-gracas-solenidade-marca-os-20-anos-de-atuacao-do-proerd-em-currais-novos","status":"publish","type":"post","link":"https:\/\/sertaneja95fm.com.br\/sited\/dia-de-acao-gracas-solenidade-marca-os-20-anos-de-atuacao-do-proerd-em-currais-novos\/","title":{"rendered":"SOLENIDADE MARCA OS 20 ANOS DE ATUA\u00c7\u00c3O DO PROERD EM CURRAIS NOVOS"},"content":{"rendered":"\n<p>A Pol\u00edcia Militar do Rio Grande do Norte por meio dos Comandos do 13\u00ba BPM, do CPRE e das Coordena\u00e7\u00f5es Estadual do PROERD e do PROJETE, em parceria com a Prefeitura Municipal de Currais Novos por meio da Secretaria Municipal de Educa\u00e7\u00e3o, Cultura e Esportes, realizaram na manh\u00e3 de ontem no Gin\u00e1sio Poliesportivo Professor Cortez Pereira (Aero Clube), a FORMATURA DOS PROJETOS SOCIAIS da Pol\u00edcia Militar desenvolvidos nas escolas P\u00fablicas e Particulares em Currais Novos no corrente ano.<\/p>\n\n\n\n<p>A Solenidade fez parte do calend\u00e1rio das comemora\u00e7\u00f5es do DIA DE A\u00c7\u00c3O GRA\u00c7AS e na ocasi\u00e3o, comemorado os 20 ANOS DE ATUA\u00c7\u00c3O DO PROERD EM CURRAIS NOVOS, bem como as mais de 500 CRIAN\u00c7AS ATENDIDAS NO ANO DE 2023.<\/p>\n\n\n\n<figure class=\"wp-block-image size-large\"><img loading=\"lazy\" decoding=\"async\" width=\"1024\" height=\"860\" src=\"https:\/\/sertaneja95fm.com.br\/sited\/wp-content\/uploads\/2023\/11\/e53ca4d2-2a3e-4dbd-be39-826fe68bd34b-1024x860.jpg\" alt=\"\" class=\"wp-image-8655\" srcset=\"https:\/\/sertaneja95fm.com.br\/sited\/wp-content\/uploads\/2023\/11\/e53ca4d2-2a3e-4dbd-be39-826fe68bd34b-1024x860.jpg 1024w, https:\/\/sertaneja95fm.com.br\/sited\/wp-content\/uploads\/2023\/11\/e53ca4d2-2a3e-4dbd-be39-826fe68bd34b-300x252.jpg 300w, https:\/\/sertaneja95fm.com.br\/sited\/wp-content\/uploads\/2023\/11\/e53ca4d2-2a3e-4dbd-be39-826fe68bd34b-768x645.jpg 768w, https:\/\/sertaneja95fm.com.br\/sited\/wp-content\/uploads\/2023\/11\/e53ca4d2-2a3e-4dbd-be39-826fe68bd34b-1536x1291.jpg 1536w, https:\/\/sertaneja95fm.com.br\/sited\/wp-content\/uploads\/2023\/11\/e53ca4d2-2a3e-4dbd-be39-826fe68bd34b-2048x1721.jpg 2048w\" sizes=\"auto, (max-width: 1024px) 100vw, 1024px\" \/><\/figure>\n\n\n\n<pre class=\"wp-block-code\"><code><\/code><\/pre>\n","protected":false},"excerpt":{"rendered":"<p>A Pol\u00edcia Militar do Rio Grande do Norte por meio dos Comandos do 13\u00ba BPM, do CPRE e das Coordena\u00e7\u00f5es Estadual do PROERD e do PROJETE, em parceria com a Prefeitura Municipal de Currais Novos por meio da Secretaria Municipal de Educa\u00e7\u00e3o, Cultura e Esportes, realizaram na manh\u00e3 de ontem no Gin\u00e1sio Poliesportivo Professor Cortez [&hellip;]<\/p>\n","protected":false},"author":2,"featured_media":8654,"comment_status":"open","ping_status":"open","sticky":false,"template":"","format":"standard","meta":{"footnotes":""},"categories":[9,3,4,5,6,7],"tags":[],"class_list":["post-8653","post","type-post","status-publish","format-standard","has-post-thumbnail","hentry","category-9","category-destaque","category-locais","category-noticias","category-podcasts","category-sem-categoria"],"aioseo_notices":[],"_links":{"self":[{"href":"https:\/\/sertaneja95fm.com.br\/sited\/wp-json\/wp\/v2\/posts\/8653","targetHints":{"allow":["GET"]}}],"collection":[{"href":"https:\/\/sertaneja95fm.com.br\/sited\/wp-json\/wp\/v2\/posts"}],"about":[{"href":"https:\/\/sertaneja95fm.com.br\/sited\/wp-json\/wp\/v2\/types\/post"}],"author":[{"embeddable":true,"href":"https:\/\/sertaneja95fm.com.br\/sited\/wp-json\/wp\/v2\/users\/2"}],"replies":[{"embeddable":true,"href":"https:\/\/sertaneja95fm.com.br\/sited\/wp-json\/wp\/v2\/comments?post=8653"}],"version-history":[{"count":4,"href":"https:\/\/sertaneja95fm.com.br\/sited\/wp-json\/wp\/v2\/posts\/8653\/revisions"}],"predecessor-version":[{"id":8659,"href":"https:\/\/sertaneja95fm.com.br\/sited\/wp-json\/wp\/v2\/posts\/8653\/revisions\/8659"}],"wp:featuredmedia":[{"embeddable":true,"href":"https:\/\/sertaneja95fm.com.br\/sited\/wp-json\/wp\/v2\/media\/8654"}],"wp:attachment":[{"href":"https:\/\/sertaneja95fm.com.br\/sited\/wp-json\/wp\/v2\/media?parent=8653"}],"wp:term":[{"taxonomy":"category","embeddable":true,"href":"https:\/\/sertaneja95fm.com.br\/sited\/wp-json\/wp\/v2\/categories?post=8653"},{"taxonomy":"post_tag","embeddable":true,"href":"https:\/\/sertaneja95fm.com.br\/sited\/wp-json\/wp\/v2\/tags?post=8653"}],"curies":[{"name":"wp","href":"https:\/\/api.w.org\/{rel}","templated":true}]}}