{"id":8663,"date":"2023-11-30T16:21:18","date_gmt":"2023-11-30T19:21:18","guid":{"rendered":"https:\/\/sertaneja95fm.com.br\/?p=8663"},"modified":"2023-11-30T16:21:18","modified_gmt":"2023-11-30T19:21:18","slug":"empresa-aura-minerals-apresenta-suas-instalacoes-a-imprensa","status":"publish","type":"post","link":"https:\/\/sertaneja95fm.com.br\/sited\/empresa-aura-minerals-apresenta-suas-instalacoes-a-imprensa\/","title":{"rendered":"EMPRESA AURA MINERALS APRESENTA SUAS INSTALA\u00c7\u00d5ES A IMPRENSA"},"content":{"rendered":"\n<p>Na manh\u00e3 desta quinta-feira (30), a AURA MINERALS promoveu uma mini palestra com a proposta de contar um pouco da sua hist\u00f3ria, mostrar as etapas de investimentos, at\u00e9 o in\u00edcio da extra\u00e7\u00e3o de ouro. A empresa tamb\u00e9m mostrou suas instala\u00e7\u00f5es e a obra que est\u00e1 sendo realizada.<\/p>\n\n\n\n<p>A equipe que representou a Radio Sertaneja, pode ver atrav\u00e9s da explana\u00e7\u00e3o apresentada por parte de colaboradores da AURA, n\u00e3o s\u00f3 a miss\u00e3o de encontrar, minerar e fornecer os mais importantes e essenciais min\u00e9rios para o mundo, como tamb\u00e9m a sustentabilidade, priorizando os seus colaboradores na estrat\u00e9gia organizacional, e os cuidados com o meio-ambiente.<\/p>\n\n\n\n<figure class=\"wp-block-image size-large\"><img loading=\"lazy\" decoding=\"async\" width=\"1024\" height=\"768\" src=\"https:\/\/sertaneja95fm.com.br\/sited\/wp-content\/uploads\/2023\/11\/9106887b-6e8c-49f2-8f77-8a64e3ac66bc-1024x768.jpg\" alt=\"\" class=\"wp-image-8665\" srcset=\"https:\/\/sertaneja95fm.com.br\/sited\/wp-content\/uploads\/2023\/11\/9106887b-6e8c-49f2-8f77-8a64e3ac66bc-1024x768.jpg 1024w, https:\/\/sertaneja95fm.com.br\/sited\/wp-content\/uploads\/2023\/11\/9106887b-6e8c-49f2-8f77-8a64e3ac66bc-300x225.jpg 300w, https:\/\/sertaneja95fm.com.br\/sited\/wp-content\/uploads\/2023\/11\/9106887b-6e8c-49f2-8f77-8a64e3ac66bc-768x576.jpg 768w, https:\/\/sertaneja95fm.com.br\/sited\/wp-content\/uploads\/2023\/11\/9106887b-6e8c-49f2-8f77-8a64e3ac66bc.jpg 1280w\" sizes=\"auto, (max-width: 1024px) 100vw, 1024px\" \/><\/figure>\n\n\n\n<p>A Aura Minerals \u00e9 uma empresa de minera\u00e7\u00e3o canadense que se concentra na explora\u00e7\u00e3o, desenvolvimento e opera\u00e7\u00e3o de projetos de ouro, cobre e outros metais nas Am\u00e9ricas . A mina de ouro do projeto Borborema, em Currais Novos \u00e9 uma das maiores de todo o Brasil e \u00e9 a nova aposta da Aura Minerals. A escolha feita em raz\u00e3o do alto potencial de produ\u00e7\u00e3o do min\u00e9rio que o local possui.<\/p>\n\n\n\n<figure class=\"wp-block-image size-full\"><img loading=\"lazy\" decoding=\"async\" width=\"1024\" height=\"576\" src=\"https:\/\/sertaneja95fm.com.br\/sited\/wp-content\/uploads\/2023\/11\/2d5e05f3-d3da-43a2-810a-2b2714630e7c.jpg\" alt=\"\" class=\"wp-image-8666\" srcset=\"https:\/\/sertaneja95fm.com.br\/sited\/wp-content\/uploads\/2023\/11\/2d5e05f3-d3da-43a2-810a-2b2714630e7c.jpg 1024w, https:\/\/sertaneja95fm.com.br\/sited\/wp-content\/uploads\/2023\/11\/2d5e05f3-d3da-43a2-810a-2b2714630e7c-300x169.jpg 300w, https:\/\/sertaneja95fm.com.br\/sited\/wp-content\/uploads\/2023\/11\/2d5e05f3-d3da-43a2-810a-2b2714630e7c-768x432.jpg 768w\" sizes=\"auto, (max-width: 1024px) 100vw, 1024px\" \/><\/figure>\n","protected":false},"excerpt":{"rendered":"<p>Na manh\u00e3 desta quinta-feira (30), a AURA MINERALS promoveu uma mini palestra com a proposta de contar um pouco da sua hist\u00f3ria, mostrar as etapas de investimentos, at\u00e9 o in\u00edcio da extra\u00e7\u00e3o de ouro. A empresa tamb\u00e9m mostrou suas instala\u00e7\u00f5es e a obra que est\u00e1 sendo realizada. A equipe que representou a Radio Sertaneja, pode [&hellip;]<\/p>\n","protected":false},"author":2,"featured_media":8664,"comment_status":"open","ping_status":"open","sticky":false,"template":"","format":"standard","meta":{"footnotes":""},"categories":[9,3,4,5,6,7,8],"tags":[],"class_list":["post-8663","post","type-post","status-publish","format-standard","has-post-thumbnail","hentry","category-9","category-destaque","category-locais","category-noticias","category-podcasts","category-sem-categoria","category-ultimas"],"aioseo_notices":[],"_links":{"self":[{"href":"https:\/\/sertaneja95fm.com.br\/sited\/wp-json\/wp\/v2\/posts\/8663","targetHints":{"allow":["GET"]}}],"collection":[{"href":"https:\/\/sertaneja95fm.com.br\/sited\/wp-json\/wp\/v2\/posts"}],"about":[{"href":"https:\/\/sertaneja95fm.com.br\/sited\/wp-json\/wp\/v2\/types\/post"}],"author":[{"embeddable":true,"href":"https:\/\/sertaneja95fm.com.br\/sited\/wp-json\/wp\/v2\/users\/2"}],"replies":[{"embeddable":true,"href":"https:\/\/sertaneja95fm.com.br\/sited\/wp-json\/wp\/v2\/comments?post=8663"}],"version-history":[{"count":1,"href":"https:\/\/sertaneja95fm.com.br\/sited\/wp-json\/wp\/v2\/posts\/8663\/revisions"}],"predecessor-version":[{"id":8667,"href":"https:\/\/sertaneja95fm.com.br\/sited\/wp-json\/wp\/v2\/posts\/8663\/revisions\/8667"}],"wp:featuredmedia":[{"embeddable":true,"href":"https:\/\/sertaneja95fm.com.br\/sited\/wp-json\/wp\/v2\/media\/8664"}],"wp:attachment":[{"href":"https:\/\/sertaneja95fm.com.br\/sited\/wp-json\/wp\/v2\/media?parent=8663"}],"wp:term":[{"taxonomy":"category","embeddable":true,"href":"https:\/\/sertaneja95fm.com.br\/sited\/wp-json\/wp\/v2\/categories?post=8663"},{"taxonomy":"post_tag","embeddable":true,"href":"https:\/\/sertaneja95fm.com.br\/sited\/wp-json\/wp\/v2\/tags?post=8663"}],"curies":[{"name":"wp","href":"https:\/\/api.w.org\/{rel}","templated":true}]}}