{"id":8693,"date":"2023-12-05T14:08:58","date_gmt":"2023-12-05T17:08:58","guid":{"rendered":"https:\/\/sertaneja95fm.com.br\/?p=8693"},"modified":"2023-12-05T14:08:58","modified_gmt":"2023-12-05T17:08:58","slug":"governo-do-rn-anuncia-calendario-para-pagamento-do-13","status":"publish","type":"post","link":"https:\/\/sertaneja95fm.com.br\/sited\/governo-do-rn-anuncia-calendario-para-pagamento-do-13\/","title":{"rendered":"GOVERNO DO RN ANUNCIA CALEND\u00c1RIO PARA PAGAMENTO DO 13"},"content":{"rendered":"\n<p>O Governo do Rio Grande do Norte divulgou nesta segunda-feira (04), atrav\u00e9s das redes sociais da governadora F\u00e1tima Bezerra, o calend\u00e1rio de pagamento do 13\u00ba dos servidores do Estado. Os valores ficaram divididos em quatro datas, sendo finalizado totalmente apenas em 10 de janeiro de 2024.<\/p>\n\n\n\n<p>No dia 09 de dezembro, os servidores estatut\u00e1rios que recebem sal\u00e1rio at\u00e9 R$ 7 mil reais (exceto carreira do magist\u00e9rio e \u00f3rg\u00e3os com arrecada\u00e7\u00e3o pr\u00f3pria que receberam adiantamento em junho), receber\u00e3o o d\u00e9cimo terceiro integralmente em suas contas. Ser\u00e3o 66.386 servidores entre ativos e pensionistas.<\/p>\n\n\n\n<p>No dia 20 de dezembro, os servidores ativos de \u00f3rg\u00e3os com arrecada\u00e7\u00e3o pr\u00f3pria como: Arsep, Ipem, Jucern, Detran e Idema, que tiveram o adiantamento de 30% em junho, receber\u00e3o o complemento.<\/p>\n\n\n\n<p>No dia 30 de dezembro, recebem complemento os servidores ativos da carreira do magist\u00e9rio, que receberam adiantamento em junho. S\u00e3o 21.240 servidores que recebem o valor integral.<\/p>\n\n\n\n<p>Em Janeiro, no dia 10, haver\u00e1 o complemento do 13\u2070 dos demais servidores. Empregados p\u00fablicos (celetistas) receberam 50% de adiantamento no dia 30 de novembro e no pr\u00f3ximo dia 20 de dezembro haver\u00e1 o complemento.<\/p>\n\n\n\n<p>Ao todo, ser\u00e3o pagos R$ 713 milh\u00f5es (exclu\u00eddo IR e Previd\u00eancia) para os servidores. Ser\u00e3o utilizados R$ 286 milh\u00f5es de recursos extraordin\u00e1rios oriundos do Governo Federal (40% do total) para quitar o 13\u2070.<\/p>\n\n\n\n<p><\/p>\n","protected":false},"excerpt":{"rendered":"<p>O Governo do Rio Grande do Norte divulgou nesta segunda-feira (04), atrav\u00e9s das redes sociais da governadora F\u00e1tima Bezerra, o calend\u00e1rio de pagamento do 13\u00ba dos servidores do Estado. Os valores ficaram divididos em quatro datas, sendo finalizado totalmente apenas em 10 de janeiro de 2024. No dia 09 de dezembro, os servidores estatut\u00e1rios que [&hellip;]<\/p>\n","protected":false},"author":2,"featured_media":8694,"comment_status":"open","ping_status":"open","sticky":false,"template":"","format":"standard","meta":{"footnotes":""},"categories":[9,3,4,5,6,7,8],"tags":[],"class_list":["post-8693","post","type-post","status-publish","format-standard","has-post-thumbnail","hentry","category-9","category-destaque","category-locais","category-noticias","category-podcasts","category-sem-categoria","category-ultimas"],"aioseo_notices":[],"_links":{"self":[{"href":"https:\/\/sertaneja95fm.com.br\/sited\/wp-json\/wp\/v2\/posts\/8693","targetHints":{"allow":["GET"]}}],"collection":[{"href":"https:\/\/sertaneja95fm.com.br\/sited\/wp-json\/wp\/v2\/posts"}],"about":[{"href":"https:\/\/sertaneja95fm.com.br\/sited\/wp-json\/wp\/v2\/types\/post"}],"author":[{"embeddable":true,"href":"https:\/\/sertaneja95fm.com.br\/sited\/wp-json\/wp\/v2\/users\/2"}],"replies":[{"embeddable":true,"href":"https:\/\/sertaneja95fm.com.br\/sited\/wp-json\/wp\/v2\/comments?post=8693"}],"version-history":[{"count":1,"href":"https:\/\/sertaneja95fm.com.br\/sited\/wp-json\/wp\/v2\/posts\/8693\/revisions"}],"predecessor-version":[{"id":8695,"href":"https:\/\/sertaneja95fm.com.br\/sited\/wp-json\/wp\/v2\/posts\/8693\/revisions\/8695"}],"wp:featuredmedia":[{"embeddable":true,"href":"https:\/\/sertaneja95fm.com.br\/sited\/wp-json\/wp\/v2\/media\/8694"}],"wp:attachment":[{"href":"https:\/\/sertaneja95fm.com.br\/sited\/wp-json\/wp\/v2\/media?parent=8693"}],"wp:term":[{"taxonomy":"category","embeddable":true,"href":"https:\/\/sertaneja95fm.com.br\/sited\/wp-json\/wp\/v2\/categories?post=8693"},{"taxonomy":"post_tag","embeddable":true,"href":"https:\/\/sertaneja95fm.com.br\/sited\/wp-json\/wp\/v2\/tags?post=8693"}],"curies":[{"name":"wp","href":"https:\/\/api.w.org\/{rel}","templated":true}]}}