{"id":8700,"date":"2023-12-11T09:54:58","date_gmt":"2023-12-11T12:54:58","guid":{"rendered":"https:\/\/sertaneja95fm.com.br\/?p=8700"},"modified":"2023-12-11T09:54:58","modified_gmt":"2023-12-11T12:54:58","slug":"concurso-mpu-orgao-tem-quase-150-cargos-vagos-para-policia","status":"publish","type":"post","link":"https:\/\/sertaneja95fm.com.br\/sited\/concurso-mpu-orgao-tem-quase-150-cargos-vagos-para-policia\/","title":{"rendered":"Concurso MPU: \u00f3rg\u00e3o tem quase 150 cargos vagos para Pol\u00edcia"},"content":{"rendered":"\n<p>Um&nbsp;novo concurso MPU&nbsp;(Minist\u00e9rio P\u00fablico da Uni\u00e3o) est\u00e1 confirmado e deve ter edital at\u00e9&nbsp;os primeiros meses de 2024. Uma das \u00e1reas que deve ser contemplada \u00e9 a da Pol\u00edcia Institucional. Em 31 de dezembro de 2022, foi publicada a&nbsp;portaria que cria a Pol\u00edcia Institucional do Minist\u00e9rio P\u00fablico da Uni\u00e3o.<\/p>\n\n\n\n<p>Com ela, passam a ser denominados agentes e\/ou inspetores de Pol\u00edcia do MPU os servidores que exercem fun\u00e7\u00f5es de t\u00e9cnico do MPU\/Seguran\u00e7a Institucional e Transporte. Conforme levantamento feito pela Folha Dirigida por Qconcursos, h\u00e1 145 cargos vagos de t\u00e9cnico de Seguran\u00e7a Institucional e Transporte no MPU.<\/p>\n\n\n\n<p>Veja a distribui\u00e7\u00e3o pelos ramos que comp\u00f5em o \u00f3rg\u00e3o:<\/p>\n\n\n\n<ul class=\"wp-block-list\">\n<li>Minist\u00e9rio P\u00fablico Federal (MPF):&nbsp;106 cargos vagos;<\/li>\n\n\n\n<li>Minist\u00e9rio P\u00fablico do Trabalho (MPT):&nbsp;15 cargos vagos;<\/li>\n\n\n\n<li>Minist\u00e9rio P\u00fablico do Distrito Federal e Territ\u00f3rios (MPDFT):&nbsp;24 cargos vagos;<\/li>\n\n\n\n<li>Minist\u00e9rio P\u00fablico Militar (MPM):&nbsp;zero cargos vagos.&nbsp;<\/li>\n<\/ul>\n\n\n\n<p>A reportagem consultou os \u00faltimos dados dispon\u00edveis nos Portais da Transpar\u00eancia de cada ramo do MPU. O ent\u00e3o procurador-geral da Rep\u00fablica, Augusto Aras, tinha mencionado a inten\u00e7\u00e3o de publicar o\u00a0<a href=\"https:\/\/folha.qconcursos.com\/n\/concurso-policia-mpu-2023-anuncio\">edital do concurso para Pol\u00edcia do MPU em 2023<\/a>. Por\u00e9m, os preparativos ainda precisam avan\u00e7ar, com a escolha da banca organizadora, por exemplo.\u00a0 A expectativa inicial era pela abertura de 50 vagas para a Pol\u00edcia. No entanto, esse quantitativo ainda n\u00e3o est\u00e1 confirmado.\u00a0<\/p>\n\n\n\n<p><em>Foto: Reprodu\u00e7\u00e3o<\/em><\/p>\n","protected":false},"excerpt":{"rendered":"<p>Um&nbsp;novo concurso MPU&nbsp;(Minist\u00e9rio P\u00fablico da Uni\u00e3o) est\u00e1 confirmado e deve ter edital at\u00e9&nbsp;os primeiros meses de 2024. Uma das \u00e1reas que deve ser contemplada \u00e9 a da Pol\u00edcia Institucional. Em 31 de dezembro de 2022, foi publicada a&nbsp;portaria que cria a Pol\u00edcia Institucional do Minist\u00e9rio P\u00fablico da Uni\u00e3o. Com ela, passam a ser denominados agentes [&hellip;]<\/p>\n","protected":false},"author":2,"featured_media":8701,"comment_status":"open","ping_status":"open","sticky":false,"template":"","format":"standard","meta":{"footnotes":""},"categories":[9,3,4,5,6,7],"tags":[],"class_list":["post-8700","post","type-post","status-publish","format-standard","has-post-thumbnail","hentry","category-9","category-destaque","category-locais","category-noticias","category-podcasts","category-sem-categoria"],"aioseo_notices":[],"_links":{"self":[{"href":"https:\/\/sertaneja95fm.com.br\/sited\/wp-json\/wp\/v2\/posts\/8700","targetHints":{"allow":["GET"]}}],"collection":[{"href":"https:\/\/sertaneja95fm.com.br\/sited\/wp-json\/wp\/v2\/posts"}],"about":[{"href":"https:\/\/sertaneja95fm.com.br\/sited\/wp-json\/wp\/v2\/types\/post"}],"author":[{"embeddable":true,"href":"https:\/\/sertaneja95fm.com.br\/sited\/wp-json\/wp\/v2\/users\/2"}],"replies":[{"embeddable":true,"href":"https:\/\/sertaneja95fm.com.br\/sited\/wp-json\/wp\/v2\/comments?post=8700"}],"version-history":[{"count":1,"href":"https:\/\/sertaneja95fm.com.br\/sited\/wp-json\/wp\/v2\/posts\/8700\/revisions"}],"predecessor-version":[{"id":8702,"href":"https:\/\/sertaneja95fm.com.br\/sited\/wp-json\/wp\/v2\/posts\/8700\/revisions\/8702"}],"wp:featuredmedia":[{"embeddable":true,"href":"https:\/\/sertaneja95fm.com.br\/sited\/wp-json\/wp\/v2\/media\/8701"}],"wp:attachment":[{"href":"https:\/\/sertaneja95fm.com.br\/sited\/wp-json\/wp\/v2\/media?parent=8700"}],"wp:term":[{"taxonomy":"category","embeddable":true,"href":"https:\/\/sertaneja95fm.com.br\/sited\/wp-json\/wp\/v2\/categories?post=8700"},{"taxonomy":"post_tag","embeddable":true,"href":"https:\/\/sertaneja95fm.com.br\/sited\/wp-json\/wp\/v2\/tags?post=8700"}],"curies":[{"name":"wp","href":"https:\/\/api.w.org\/{rel}","templated":true}]}}