{"id":8703,"date":"2023-12-11T09:56:07","date_gmt":"2023-12-11T12:56:07","guid":{"rendered":"https:\/\/sertaneja95fm.com.br\/?p=8703"},"modified":"2023-12-11T09:57:12","modified_gmt":"2023-12-11T12:57:12","slug":"jogador-ayrton-lucas-realiza-jogo-festivo-em-carnauba-dos-dantas","status":"publish","type":"post","link":"https:\/\/sertaneja95fm.com.br\/sited\/jogador-ayrton-lucas-realiza-jogo-festivo-em-carnauba-dos-dantas\/","title":{"rendered":"jogador Ayrton Lucas realiza jogo festivo em Carna\u00faba dos Dantas"},"content":{"rendered":"\n<p>Lateral-esquerdo do Flamengo, o carnaubense Ayrton Lucas realizou, neste domingo (10), mais uma edi\u00e7\u00e3o do seu jogo festivo de fim de ano. A partida desse ano teve, mais uma vez, car\u00e1ter beneficente e faz parte da programa\u00e7\u00e3o dos festejos de emancipa\u00e7\u00e3o pol\u00edtica do munic\u00edpio.<\/p>\n\n\n\n<figure class=\"wp-block-image size-full\"><img loading=\"lazy\" decoding=\"async\" width=\"1024\" height=\"682\" src=\"https:\/\/sertaneja95fm.com.br\/sited\/wp-content\/uploads\/2023\/12\/ef375a61-dd23-4477-8ff2-1e9f9da385e7-1-1024x682-1.jpg\" alt=\"\" class=\"wp-image-8707\" srcset=\"https:\/\/sertaneja95fm.com.br\/sited\/wp-content\/uploads\/2023\/12\/ef375a61-dd23-4477-8ff2-1e9f9da385e7-1-1024x682-1.jpg 1024w, https:\/\/sertaneja95fm.com.br\/sited\/wp-content\/uploads\/2023\/12\/ef375a61-dd23-4477-8ff2-1e9f9da385e7-1-1024x682-1-300x200.jpg 300w, https:\/\/sertaneja95fm.com.br\/sited\/wp-content\/uploads\/2023\/12\/ef375a61-dd23-4477-8ff2-1e9f9da385e7-1-1024x682-1-768x512.jpg 768w\" sizes=\"auto, (max-width: 1024px) 100vw, 1024px\" \/><\/figure>\n\n\n\n<p>Para o duelo, Ayrton recebeu no munic\u00edpio atletas e ex-atletas, al\u00e9m de digitais influencers e amigos de longa data. Em um duelo de exibi\u00e7\u00e3o onde o placar \u00e9 mero coadjuvante, o grande destaque ficou pelos alimentos que os presentes tiveram que levar para acompanhar o jogo. Fam\u00edlias carentes do munic\u00edpio v\u00e3o ter um Natal mais alegre e feliz atrav\u00e9s dessas doa\u00e7\u00f5es.<\/p>\n\n\n\n<p><strong>\u201cAyrton \u00e9 mais um carnaubense que tem orgulho de sua terra. Uma partida como essa ele poderia fazer em qualquer lugar, mas volta mais uma vez pra sua cidade e recebe seus amigos em um presente para o nosso munic\u00edpio\u201d, afirma o prefeito Gilson Dantas.<\/strong><\/p>\n\n\n\n<p>Foto: Jairo Dantas<\/p>\n","protected":false},"excerpt":{"rendered":"<p>Lateral-esquerdo do Flamengo, o carnaubense Ayrton Lucas realizou, neste domingo (10), mais uma edi\u00e7\u00e3o do seu jogo festivo de fim de ano. A partida desse ano teve, mais uma vez, car\u00e1ter beneficente e faz parte da programa\u00e7\u00e3o dos festejos de emancipa\u00e7\u00e3o pol\u00edtica do munic\u00edpio. Para o duelo, Ayrton recebeu no munic\u00edpio atletas e ex-atletas, al\u00e9m [&hellip;]<\/p>\n","protected":false},"author":2,"featured_media":8704,"comment_status":"open","ping_status":"open","sticky":false,"template":"","format":"standard","meta":{"footnotes":""},"categories":[3,4,5,6,7],"tags":[],"class_list":["post-8703","post","type-post","status-publish","format-standard","has-post-thumbnail","hentry","category-destaque","category-locais","category-noticias","category-podcasts","category-sem-categoria"],"aioseo_notices":[],"_links":{"self":[{"href":"https:\/\/sertaneja95fm.com.br\/sited\/wp-json\/wp\/v2\/posts\/8703","targetHints":{"allow":["GET"]}}],"collection":[{"href":"https:\/\/sertaneja95fm.com.br\/sited\/wp-json\/wp\/v2\/posts"}],"about":[{"href":"https:\/\/sertaneja95fm.com.br\/sited\/wp-json\/wp\/v2\/types\/post"}],"author":[{"embeddable":true,"href":"https:\/\/sertaneja95fm.com.br\/sited\/wp-json\/wp\/v2\/users\/2"}],"replies":[{"embeddable":true,"href":"https:\/\/sertaneja95fm.com.br\/sited\/wp-json\/wp\/v2\/comments?post=8703"}],"version-history":[{"count":3,"href":"https:\/\/sertaneja95fm.com.br\/sited\/wp-json\/wp\/v2\/posts\/8703\/revisions"}],"predecessor-version":[{"id":8708,"href":"https:\/\/sertaneja95fm.com.br\/sited\/wp-json\/wp\/v2\/posts\/8703\/revisions\/8708"}],"wp:featuredmedia":[{"embeddable":true,"href":"https:\/\/sertaneja95fm.com.br\/sited\/wp-json\/wp\/v2\/media\/8704"}],"wp:attachment":[{"href":"https:\/\/sertaneja95fm.com.br\/sited\/wp-json\/wp\/v2\/media?parent=8703"}],"wp:term":[{"taxonomy":"category","embeddable":true,"href":"https:\/\/sertaneja95fm.com.br\/sited\/wp-json\/wp\/v2\/categories?post=8703"},{"taxonomy":"post_tag","embeddable":true,"href":"https:\/\/sertaneja95fm.com.br\/sited\/wp-json\/wp\/v2\/tags?post=8703"}],"curies":[{"name":"wp","href":"https:\/\/api.w.org\/{rel}","templated":true}]}}