{"id":8709,"date":"2023-12-11T10:00:09","date_gmt":"2023-12-11T13:00:09","guid":{"rendered":"https:\/\/sertaneja95fm.com.br\/?p=8709"},"modified":"2023-12-11T10:00:10","modified_gmt":"2023-12-11T13:00:10","slug":"evento-pavilhao-natalino-2023-promete-agitar-currais-novos-rn","status":"publish","type":"post","link":"https:\/\/sertaneja95fm.com.br\/sited\/evento-pavilhao-natalino-2023-promete-agitar-currais-novos-rn\/","title":{"rendered":"EVENTO \u201cPAVILH\u00c3O NATALINO 2023\u201d PROMETE AGITAR CURRAIS NOVOS\/RN"},"content":{"rendered":"\n<p>No pr\u00f3ximo dia 20 de dezembro, a cidade de Currais Novos, no Rio Grande do Norte, ser\u00e1 palco de um dos eventos mais aguardados do ano: o Pavilh\u00e3o Natalino 2023. Sob o lema \u201c\u00c1gora \u00e9 pra valer!\u201d, o Pavilh\u00e3o promete uma noite inesquec\u00edvel de m\u00fasica, divers\u00e3o e encontros.<\/p>\n\n\n\n<p>O local escolhido para abrigar esse espet\u00e1culo \u00e9 o Pavilh\u00e3o Natalino, que se transformar\u00e1 no epicentro da agita\u00e7\u00e3o e celebra\u00e7\u00e3o. O convite est\u00e1 feito: \u00e9 hora de ficar \u00e0 vontade e chamar os amigos para curtir o projeto mais badalado do Brasil.<\/p>\n\n\n\n<p>O projeto \u201cZezo, Ra\u00ed e Luan vem com tudo e prometem fazer tremer a estrutura do Pavilh\u00e3o da hist\u00f3ria.\u201d<\/p>\n\n\n\n<p>Detalhes do Evento:<\/p>\n\n\n\n<pre class=\"wp-block-code\"><code>Data: 20 de dezembro de 2023\nLocal: Pavilh\u00e3o Natalino, Pra\u00e7a P\u00fablica - Largo Tun\u00edsio\nHor\u00e1rio: In\u00edcio \u00e0s 20:00<\/code><\/pre>\n\n\n\n<p>Atra\u00e7\u00f5es Musicais:<\/p>\n\n\n\n<pre class=\"wp-block-code\"><code>\ud83c\udfa4 Zezo, Rai e Luan\n\ud83c\udfa4 Nen\u00e9m Pessoa\n\ud83c\udfa4 Na Pegada do Coyote &amp; Raynel<\/code><\/pre>\n\n\n\n<p>Prepare-se para uma noite de pura energia e anima\u00e7\u00e3o, onde a m\u00fasica boa e o clima festivo ser\u00e3o os protagonistas. O Pavilh\u00e3o Natalino 2023 promete marcar hist\u00f3ria e deixar lembran\u00e7as inesquec\u00edveis para todos os participantes.<\/p>\n\n\n\n<p>Currais Novos est\u00e1 prestes a testemunhar um evento que ficar\u00e1 na mem\u00f3ria de todos os que buscam uma experi\u00eancia aut\u00eantica e envolvente.<\/p>\n\n\n\n<p>Se voc\u00ea procura por uma noite repleta de m\u00fasica, divers\u00e3o e boas vibra\u00e7\u00f5es, o Pavilh\u00e3o Natalino 2023 \u00e9 o seu destino. Esteja l\u00e1 para fazer parte dessa celebra\u00e7\u00e3o incr\u00edvel!<\/p>\n","protected":false},"excerpt":{"rendered":"<p>No pr\u00f3ximo dia 20 de dezembro, a cidade de Currais Novos, no Rio Grande do Norte, ser\u00e1 palco de um dos eventos mais aguardados do ano: o Pavilh\u00e3o Natalino 2023. Sob o lema \u201c\u00c1gora \u00e9 pra valer!\u201d, o Pavilh\u00e3o promete uma noite inesquec\u00edvel de m\u00fasica, divers\u00e3o e encontros. O local escolhido para abrigar esse espet\u00e1culo [&hellip;]<\/p>\n","protected":false},"author":2,"featured_media":8710,"comment_status":"open","ping_status":"open","sticky":false,"template":"","format":"standard","meta":{"footnotes":""},"categories":[9,3,4,5,6,7,8],"tags":[],"class_list":["post-8709","post","type-post","status-publish","format-standard","has-post-thumbnail","hentry","category-9","category-destaque","category-locais","category-noticias","category-podcasts","category-sem-categoria","category-ultimas"],"aioseo_notices":[],"_links":{"self":[{"href":"https:\/\/sertaneja95fm.com.br\/sited\/wp-json\/wp\/v2\/posts\/8709","targetHints":{"allow":["GET"]}}],"collection":[{"href":"https:\/\/sertaneja95fm.com.br\/sited\/wp-json\/wp\/v2\/posts"}],"about":[{"href":"https:\/\/sertaneja95fm.com.br\/sited\/wp-json\/wp\/v2\/types\/post"}],"author":[{"embeddable":true,"href":"https:\/\/sertaneja95fm.com.br\/sited\/wp-json\/wp\/v2\/users\/2"}],"replies":[{"embeddable":true,"href":"https:\/\/sertaneja95fm.com.br\/sited\/wp-json\/wp\/v2\/comments?post=8709"}],"version-history":[{"count":1,"href":"https:\/\/sertaneja95fm.com.br\/sited\/wp-json\/wp\/v2\/posts\/8709\/revisions"}],"predecessor-version":[{"id":8711,"href":"https:\/\/sertaneja95fm.com.br\/sited\/wp-json\/wp\/v2\/posts\/8709\/revisions\/8711"}],"wp:featuredmedia":[{"embeddable":true,"href":"https:\/\/sertaneja95fm.com.br\/sited\/wp-json\/wp\/v2\/media\/8710"}],"wp:attachment":[{"href":"https:\/\/sertaneja95fm.com.br\/sited\/wp-json\/wp\/v2\/media?parent=8709"}],"wp:term":[{"taxonomy":"category","embeddable":true,"href":"https:\/\/sertaneja95fm.com.br\/sited\/wp-json\/wp\/v2\/categories?post=8709"},{"taxonomy":"post_tag","embeddable":true,"href":"https:\/\/sertaneja95fm.com.br\/sited\/wp-json\/wp\/v2\/tags?post=8709"}],"curies":[{"name":"wp","href":"https:\/\/api.w.org\/{rel}","templated":true}]}}