{"id":8730,"date":"2023-12-15T10:02:55","date_gmt":"2023-12-15T13:02:55","guid":{"rendered":"https:\/\/sertaneja95fm.com.br\/?p=8730"},"modified":"2023-12-15T10:02:56","modified_gmt":"2023-12-15T13:02:56","slug":"nao-ha-possibilidade-de-atraso-de-salario-diz-secretario-de-fazenda-do-rn-apos-derrota-na-assembleia","status":"publish","type":"post","link":"https:\/\/sertaneja95fm.com.br\/sited\/nao-ha-possibilidade-de-atraso-de-salario-diz-secretario-de-fazenda-do-rn-apos-derrota-na-assembleia\/","title":{"rendered":"\u201cN\u00c3O H\u00c1 POSSIBILIDADE DE ATRASO DE SAL\u00c1RIO\u201d, DIZ SECRET\u00c1RIO DE FAZENDA DO RN AP\u00d3S DERROTA NA ASSEMBLEIA"},"content":{"rendered":"\n<p><\/p>\n\n\n\n<p>O secret\u00e1rio de Fazenda do Rio Grande do Norte, Carlos Eduardo Xavier, afirmou na quarta-feira (13) que n\u00e3o h\u00e1 risco de o Governo F\u00e1tima atrasar sal\u00e1rios de servidores p\u00fablicos mesmo ap\u00f3s n\u00e3o conseguir prorrogar a al\u00edquota de ICMS em 20%. Em entrevista \u00e0 98 FM, o secret\u00e1rio afirmou que manter os pagamentos em dia \u00e9 a principal meta da gest\u00e3o estadual.<\/p>\n\n\n\n<p>\u201cN\u00e3o h\u00e1 possibilidade de atraso de sal\u00e1rio enquanto a governadora F\u00e1tima Bezerra for governadora. Essa \u00e9 a nossa prioridade. N\u00f3s pegamos um estado com quatro folhas em atraso. N\u00f3s fizemos uma pol\u00edtica de ajuste das contas p\u00fablicas, combinada com ajuste da pol\u00edtica tribut\u00e1ria, que trouxe mais competitividade para o Estado. Neste momento, a gente vai fazer todas as medidas necess\u00e1rias para manter a arrecada\u00e7\u00e3o em 2024 no patamar que precisamos para honrar nossos compromissos, principalmente com os servidores\u201d, enfatizou.<\/p>\n\n\n\n<p>Durante a entrevista, Carlos Eduardo Xavier voltou a dizer que o Estado ter\u00e1 de cortar incentivos fiscais concedidos a setores da economia para compensar os preju\u00edzos causados pela redu\u00e7\u00e3o do ICMS. Ele afirmou que um pacote de medidas ser\u00e1 anunciado em breve.<\/p>\n\n\n\n<p>O secret\u00e1rio de Fazenda voltou a lamentar que a Assembleia Legislativa n\u00e3o tenha aprovado a manuten\u00e7\u00e3o da al\u00edquota de ICMS em 20%, o que far\u00e1 com que a taxa volte para 18% a partir de 1\u00ba de janeiro de 2024. Segundo ele, h\u00e1 uma tentativa de desestabilizar a gest\u00e3o do Estado para fortalecer o projeto da oposi\u00e7\u00e3o para as elei\u00e7\u00f5es de 2026.<\/p>\n\n\n\n<p>\u201cQuem imaginou estar apostando que, com essa medida, o governo vai atrasar sal\u00e1rios, essas pessoas v\u00e3o ter uma\u2026 Com alguns deputados de oposi\u00e7\u00e3o, a inten\u00e7\u00e3o \u00e9 clara. J\u00e1 est\u00e1 em 2026. \u00c9 desestabilizar a pol\u00edtica de pagamento dos servidores, etc, para que o Estado fique cada vez mais fragilizado e que chegue em 2026 com possibilidade de derrotar o candidato do Governo do Estado\u201d, declarou o chefe da equipe econ\u00f4mica do Governo F\u00e1tima.<\/p>\n\n\n\n<p>Portal 98FM<\/p>\n\n\n\n<p><\/p>\n","protected":false},"excerpt":{"rendered":"<p>O secret\u00e1rio de Fazenda do Rio Grande do Norte, Carlos Eduardo Xavier, afirmou na quarta-feira (13) que n\u00e3o h\u00e1 risco de o Governo F\u00e1tima atrasar sal\u00e1rios de servidores p\u00fablicos mesmo ap\u00f3s n\u00e3o conseguir prorrogar a al\u00edquota de ICMS em 20%. Em entrevista \u00e0 98 FM, o secret\u00e1rio afirmou que manter os pagamentos em dia \u00e9 [&hellip;]<\/p>\n","protected":false},"author":2,"featured_media":8731,"comment_status":"open","ping_status":"open","sticky":false,"template":"","format":"standard","meta":{"footnotes":""},"categories":[9,3,4,5,6,7],"tags":[],"class_list":["post-8730","post","type-post","status-publish","format-standard","has-post-thumbnail","hentry","category-9","category-destaque","category-locais","category-noticias","category-podcasts","category-sem-categoria"],"aioseo_notices":[],"_links":{"self":[{"href":"https:\/\/sertaneja95fm.com.br\/sited\/wp-json\/wp\/v2\/posts\/8730","targetHints":{"allow":["GET"]}}],"collection":[{"href":"https:\/\/sertaneja95fm.com.br\/sited\/wp-json\/wp\/v2\/posts"}],"about":[{"href":"https:\/\/sertaneja95fm.com.br\/sited\/wp-json\/wp\/v2\/types\/post"}],"author":[{"embeddable":true,"href":"https:\/\/sertaneja95fm.com.br\/sited\/wp-json\/wp\/v2\/users\/2"}],"replies":[{"embeddable":true,"href":"https:\/\/sertaneja95fm.com.br\/sited\/wp-json\/wp\/v2\/comments?post=8730"}],"version-history":[{"count":1,"href":"https:\/\/sertaneja95fm.com.br\/sited\/wp-json\/wp\/v2\/posts\/8730\/revisions"}],"predecessor-version":[{"id":8732,"href":"https:\/\/sertaneja95fm.com.br\/sited\/wp-json\/wp\/v2\/posts\/8730\/revisions\/8732"}],"wp:featuredmedia":[{"embeddable":true,"href":"https:\/\/sertaneja95fm.com.br\/sited\/wp-json\/wp\/v2\/media\/8731"}],"wp:attachment":[{"href":"https:\/\/sertaneja95fm.com.br\/sited\/wp-json\/wp\/v2\/media?parent=8730"}],"wp:term":[{"taxonomy":"category","embeddable":true,"href":"https:\/\/sertaneja95fm.com.br\/sited\/wp-json\/wp\/v2\/categories?post=8730"},{"taxonomy":"post_tag","embeddable":true,"href":"https:\/\/sertaneja95fm.com.br\/sited\/wp-json\/wp\/v2\/tags?post=8730"}],"curies":[{"name":"wp","href":"https:\/\/api.w.org\/{rel}","templated":true}]}}